{"id":22634,"date":"2022-08-22T08:50:37","date_gmt":"2022-08-22T11:50:37","guid":{"rendered":"https:\/\/esreviral.com\/?p=22634"},"modified":"2022-08-22T08:50:37","modified_gmt":"2022-08-22T11:50:37","slug":"se-reune-el-consejo-del-salario-para-actualizar-los-sueldos","status":"publish","type":"post","link":"https:\/\/esreviral.com\/?p=22634","title":{"rendered":"Se re\u00fane el Consejo del Salario para actualizar los sueldos"},"content":{"rendered":"\n<p class=\"has-drop-cap\">Funcionarios, gremialistas y empresarios negociar\u00e1n este lunes a las 14 en una sesi\u00f3n plenaria del Consejo del Salario la actualizaci\u00f3n del haber m\u00ednimo, vital y m\u00f3vil como tambi\u00e9n de las prestaciones por desempleo, ante la estampida del proceso inflacionario, aunque la CGT, la CTA y la CTA&nbsp; Aut\u00f3noma a\u00fan no determinaron la postura que presentar\u00e1n en la reuni\u00f3n tripartita.<\/p>\n\n\n\n<p>El Consejo Nacional&nbsp;de&nbsp;Empleo,&nbsp;la Productividad y el Salario M\u00ednimo, Vital y M\u00f3vil sesionar\u00e1 primero a las 14 con la participaci\u00f3n de dos representantes por sector en la llamada Comisi\u00f3n T\u00e9cnica, para luego, una hora despu\u00e9s, iniciar el plenario de 32 miembros -16 por la parte trabajadora y 16 por la empleadora-, en ambos casos a trav\u00e9s de una videoconferencia.<\/p>\n\n\n\n<p>El Gobierno hab\u00eda convocado a los integrantes del organismo tripartito, que encabeza el ministro de Trabajo Claudio Moroni, a dos sesiones para el 18 de este mes, pero el encuentro fue postergado hasta este lunes -en acuerdo con la CGT- ante la ausencia en la Argentina del titular de la Uni\u00f3n Industrial Argentina (UIA), Daniel Funes de Rioja.<\/p>\n\n\n\n<p>La postergaci\u00f3n para el lunes se resolvi\u00f3 a trav\u00e9s de la resoluci\u00f3n 7\/2022 del Ministerio de Trabajo, publicada en el Bolet\u00edn Oficial el 3 de agosto y luego modificada por la resoluci\u00f3n 8\/2022 de la misma cartera, que posterg\u00f3 el horario de inicio del plenario desde las 12 a las 15 en raz\u00f3n a los \u00abdiversos planteos realizados\u00bb y \u00abcon el fin de garantizar la participaci\u00f3n de todos los integrantes\u00bb del Consejo.<\/p>\n\n\n\n<p>Los participantes deber\u00e1n&nbsp;<strong>definir el nuevo piso salarial y sus tramos y el monto de las prestaciones por desempleo<\/strong>, aunque todo indica -es la previsi\u00f3n del sector gremial- que de ninguna manera \u00abse alcanzar\u00e1n los poco m\u00e1s de 111 mil pesos que el propio Instituto Nacional de Estad\u00edstica y Censos (Indec) sostuvo que son necesarios para no ser pobre\u00bb.<\/p>\n\n\n\n<p>Las fuentes de la CGT a las que tuvo acceso T\u00e9lam confiaron que la central obrera a\u00fan \u00abno determin\u00f3 una posici\u00f3n\u00bb, pero detallaron que este lunes las 10 los integrantes de la mesa chica debatir\u00e1n ese tema en el gremio de sanidad (ATSA).<\/p>\n\n\n\n<p>\u00abNo se fij\u00f3 todav\u00eda una posici\u00f3n, ya que la central obrera viene de una multitudinaria marcha contra los formadores de precios y los especuladores de mercado y debati\u00f3 estos d\u00edas la propuesta de otorgamiento de un bono y su reclamo de paritarias libres, por lo que esa postura se resolver\u00e1 este lunes en el sindicato de sanidad\u00bb, detallaron los voceros.<\/p>\n\n\n\n<p>Tanto la CTA que conduce el docente Hugo Yasky como su par Aut\u00f3noma (CTAA) que lideran el estatal Hugo Godoy y el visitador m\u00e9dico Ricardo Peidro tambi\u00e9n convocaron para el lunes -de forma previa al encuentro del Consejo del Salario- a sus respectivas conducciones para determinar la postura que plantear\u00e1n por tarde, en la reuni\u00f3n tripartita.<\/p>\n\n\n\n<p><strong>\u00abLa CTA deliberar\u00e1 el lunes para fijar posici\u00f3n, pero llevar\u00e1 al Consejo una postura propia y no en coincidencia con la CGT. Eso es muy dif\u00edcil\u00bb<\/strong>, adelant\u00f3 Yasky a T\u00e9lam desde Trelew, adonde viaj\u00f3 para asistir a los actos por el 50\u00b0 aniversario de la masacre que la dictadura de Agust\u00edn Lanusse produjo el 22 de agosto de 1972 en esa ciudad.<\/p>\n\n\n\n<p>En tanto, desde la CTA Aut\u00f3noma, que el 11 de agosto renov\u00f3 autoridades por 4 a\u00f1os, confiaron que esa central tambi\u00e9n sesionar\u00e1 el lunes, en las horas previas al encuentro del Consejo del Salario, y adelantaron que all\u00ed ratificar\u00e1n su \u00abpostura hist\u00f3rica\u00bb consistente en que el haber m\u00ednimo supere a la inflaci\u00f3n prevista para el a\u00f1o.<\/p>\n\n\n\n<p><strong>\u00abEs preciso, aunque sea de forma gradual, convenir un plan de recuperaci\u00f3n salarial por lo perdido desde la \u00e9poca del macrismo y superar el guarismo inflacionario de este a\u00f1o, que todas las fuentes estiman en no menos del 90 por ciento<\/strong>. Adem\u00e1s, el haber m\u00ednimo debe alcanzar a quienes hoy no contempla, como municipales, peones rurales y empleadas dom\u00e9sticas y, aunque no sea el \u00e1mbito, hay que establecer el ingreso universal\u00bb, plantearon desde la CTA Aut\u00f3noma.<\/p>\n\n\n\n<p>Otras fuentes gremiales detallaron que&nbsp;<strong>la CTA y la CGT podr\u00edan reclamar un 45 por ciento de aumento sobre el actual valor del salario m\u00ednimo, lo que lo elevar\u00eda a poco m\u00e1s de 68 mil pesos<\/strong>, para alcanzar \u00ablas previsiones inflacionarias del a\u00f1o\u00bb, aunque existen -a\u00f1adieron- diferencias respecto de la exigencia de los tramos para cobrarlo.<\/p>\n\n\n\n<p>La Corriente Federal de Trabajadores (CFT) en la CGT, que conducen el bancario Sergio Palazzo y el gr\u00e1fico bonaerense H\u00e9ctor Amichetti, ratific\u00f3 que los argentinos deben tener \u00absus necesidades b\u00e1sicas cubiertas\u00bb, y sostuvo que las paritarias son la v\u00eda para actualizar los salarios del personal registrado en las variadas actividades.<\/p>\n\n\n\n<p>En di\u00e1logo con T\u00e9lam, Amichetti insisti\u00f3 con la hist\u00f3rica posici\u00f3n de ese espacio gremial y sostuvo que \u00abning\u00fan trabajador debe percibir un ingreso inferior a 111.298 pesos para no caer bajo la l\u00ednea de pobreza, seg\u00fan lo afirm\u00f3 el propio Indec\u00bb.<\/p>\n\n\n\n<blockquote class=\"wp-block-quote td_quote_box td_box_center is-layout-flow wp-block-quote-is-layout-flow\"><p>\u00abNing\u00fan trabajador debe percibir un ingreso inferior a 111.298 pesos para no caer bajo la l\u00ednea de pobreza, seg\u00fan lo afirm\u00f3 el propio Indec\u00bb<\/p><cite>H\u00e9ctor Amichetti<\/cite><\/blockquote>\n\n\n\n<p>\u00abNing\u00fan trabajador debe ganar en el pa\u00eds menos de ese monto, difundido por el propio Indec, pero es muy dif\u00edcil que este lunes pueda acordarse esa cifra, en especial ante la resistencia de las c\u00e1maras. Por lo mismo, tendr\u00e1n que otorgarse sumas fijas que compensen el desfase existente entre la realidad y los ingresos\u00bb, subray\u00f3 Amichetti.<\/p>\n\n\n\n<p>El Consejo del Salario M\u00ednimo, Vital y M\u00f3vil&nbsp;<strong>se hab\u00eda reunido por \u00faltima vez el 16 de marzo y convino -con la oposici\u00f3n de la CTA Aut\u00f3noma- un incremento del 45 por ciento en 4 tramos, pero en mayo el Gobierno adelant\u00f3 esa mejora y, desde el 1\u00b0 de junio, es de 45.540 pesos y, desde agosto, de 47.850 pesos para los trabajadores mensualizados.<\/strong><\/p>\n\n\n\n<p>Tambi\u00e9n desde este mes el valor de la hora para el personal jornalizado es de 239,30 pesos y, los montos m\u00ednimos y m\u00e1ximos por desempleo, de 13.292 y 22.153 pesos,<\/p>\n\n\n\n<p>El Gobierno sostuvo entonces que \u00abla recuperaci\u00f3n del salario es una prioridad y una condici\u00f3n necesaria para que la econom\u00eda sostenga la actual reactivaci\u00f3n en marcha\u00bb.<\/p>\n\n\n\n<p>El organismo tripartito est\u00e1 constituido por 32 integrantes: 16 por la parte trabajadora y otros tantos en representaci\u00f3n de las c\u00e1maras empresarias de todas las actividades.<\/p>\n\n\n\n<p>En caso de no producirse un acuerdo entre los participantes del Consejo del Salario M\u00ednimo, Vital y M\u00f3vil, el ministro de Trabajo tiene la potestad de laudar.<\/p>\n\n\n\n<p class=\"has-text-align-right\"><strong><em>Telam.-<\/em><\/strong><\/p>\n","protected":false},"excerpt":{"rendered":"<p>El Consejo del Salario es encabezado por el ministro de Trabajo Claudio Moroni. Sesionar\u00e1 este lunes a las 14 con la participaci\u00f3n de dos representantes por sector en la llamada Comisi\u00f3n T\u00e9cnica, para luego, una hora despu\u00e9s, iniciar el plenario de 32 miembros.<\/p>\n","protected":false},"author":2,"featured_media":22635,"comment_status":"open","ping_status":"open","sticky":false,"template":"","format":"standard","meta":{"jnews-multi-image_gallery":[],"jnews_single_post":[],"jnews_primary_category":[],"jnews_social_meta":[],"jnews_review":[],"enable_review":"","type":"","name":"","summary":"","brand":"","sku":"","good":[],"bad":[],"score_override":"","override_value":"","rating":[],"price":[],"jnews_override_counter":[],"jnews_post_split":[],"footnotes":""},"categories":[61],"tags":[44,1235,3898,3832,3899,3900,45,3901,1910,3902,3903],"class_list":["post-22634","post","type-post","status-publish","format-standard","has-post-thumbnail","hentry","category-economia","tag-argentina","tag-cgt","tag-consejo-del-salario","tag-cta","tag-hugo-cachorro-godoy","tag-hugo-yasky","tag-noticias","tag-salario-minimo-3","tag-salarios","tag-sergio-palazzo","tag-vital-y-movil"],"amp_enabled":true,"_links":{"self":[{"href":"https:\/\/esreviral.com\/index.php?rest_route=\/wp\/v2\/posts\/22634"}],"collection":[{"href":"https:\/\/esreviral.com\/index.php?rest_route=\/wp\/v2\/posts"}],"about":[{"href":"https:\/\/esreviral.com\/index.php?rest_route=\/wp\/v2\/types\/post"}],"author":[{"embeddable":true,"href":"https:\/\/esreviral.com\/index.php?rest_route=\/wp\/v2\/users\/2"}],"replies":[{"embeddable":true,"href":"https:\/\/esreviral.com\/index.php?rest_route=%2Fwp%2Fv2%2Fcomments&post=22634"}],"version-history":[{"count":0,"href":"https:\/\/esreviral.com\/index.php?rest_route=\/wp\/v2\/posts\/22634\/revisions"}],"wp:featuredmedia":[{"embeddable":true,"href":"https:\/\/esreviral.com\/index.php?rest_route=\/"}],"wp:attachment":[{"href":"https:\/\/esreviral.com\/index.php?rest_route=%2Fwp%2Fv2%2Fmedia&parent=22634"}],"wp:term":[{"taxonomy":"category","embeddable":true,"href":"https:\/\/esreviral.com\/index.php?rest_route=%2Fwp%2Fv2%2Fcategories&post=22634"},{"taxonomy":"post_tag","embeddable":true,"href":"https:\/\/esreviral.com\/index.php?rest_route=%2Fwp%2Fv2%2Ftags&post=22634"}],"curies":[{"name":"wp","href":"https:\/\/api.w.org\/{rel}","templated":true}]}}