{"id":22610,"date":"2022-08-21T13:22:27","date_gmt":"2022-08-21T16:22:27","guid":{"rendered":"https:\/\/esreviral.com\/?p=22610"},"modified":"2022-08-21T13:22:27","modified_gmt":"2022-08-21T16:22:27","slug":"venezolanos-en-argentina-entregaron-juguetes-a-ninos-de-un-hospital-para-celebrar-su-dia","status":"publish","type":"post","link":"https:\/\/esreviral.com\/?p=22610","title":{"rendered":"Venezolanos en Argentina entregaron juguetes a ni\u00f1os de un hospital para celebrar su d\u00eda"},"content":{"rendered":"\n<p><strong><em>CIS.-<\/em><\/strong> M\u00e1s de 300 ni\u00f1os con distintas enfermedades del hospital Pedro Elizalde de Buenos Aires, recibieron una serie de juguetes como parte de los regalos por la celebraci\u00f3n del D\u00eda de la ni\u00f1ez. <\/p>\n\n\n\n<p>Fabio Jim\u00e9nez, Helen Rojas y  Katherine Carrera se disfrazaron de h\u00e9roes de comiquitas para alegrar el d\u00eda a los m\u00e1s peque\u00f1os de la casa que pasan por una enfermedad y se mantienen internados. <\/p>\n\n\n\n<figure class=\"wp-block-image size-large\"><img decoding=\"async\" src=\"https:\/\/esreviral.com\/wp-content\/uploads\/2022\/08\/WhatsApp-Image-2022-08-21-at-10.24.25-AM-590x1024.jpeg\" alt=\"\" class=\"wp-image-22613\"\/><\/figure>\n\n\n\n<p>\u00abEsto lo hacemos sin fines de lucro y es algo que nos llena mucho de satisfacci\u00f3n. Algunas personas nos regalaron juguetes y la mayor\u00eda los compr\u00e9 con el esfuerzo de mi trabajo pero que Dios me pone en el camino para colaborar con las ilusiones de estos ni\u00f1os\u00bb, explic\u00f3 Fabio Jim\u00e9nez, a quien siempre se le ve en las calles de la capital argentina ayudando a los m\u00e1s necesitados. <\/p>\n\n\n\n<figure class=\"wp-block-image size-large\"><img decoding=\"async\" src=\"https:\/\/esreviral.com\/wp-content\/uploads\/2022\/08\/WhatsApp-Image-2022-08-21-at-10.24.26-AM-768x1024.jpeg\" alt=\"\" class=\"wp-image-22612\"\/><\/figure>\n\n\n\n<figure class=\"wp-block-image size-large\"><img decoding=\"async\" src=\"https:\/\/esreviral.com\/wp-content\/uploads\/2022\/08\/WhatsApp-Image-2022-08-21-at-10.24.27-AM-576x1024.jpeg\" alt=\"\" class=\"wp-image-22614\"\/><\/figure>\n","protected":false},"excerpt":{"rendered":"<p>Fabio Jim\u00e9nez, Helen Rojas y  Katherine Carrera se disfrazaron de h\u00e9roes de comiquitas para alegrar el d\u00eda a los m\u00e1s peque\u00f1os de la casa que pasan por una enfermedad y se mantienen internados<\/p>\n","protected":false},"author":2,"featured_media":22611,"comment_status":"open","ping_status":"open","sticky":false,"template":"","format":"standard","meta":{"jnews-multi-image_gallery":[],"jnews_single_post":[],"jnews_primary_category":[],"jnews_social_meta":[],"jnews_review":[],"enable_review":"","type":"","name":"","summary":"","brand":"","sku":"","good":[],"bad":[],"score_override":"","override_value":"","rating":[],"price":[],"jnews_override_counter":[],"jnews_post_split":[],"footnotes":""},"categories":[54],"tags":[44,3697,67],"class_list":["post-22610","post","type-post","status-publish","format-standard","has-post-thumbnail","hentry","category-inmigracion","tag-argentina","tag-dia-del-nino","tag-venezolanos-en-argentina"],"amp_enabled":true,"_links":{"self":[{"href":"https:\/\/esreviral.com\/index.php?rest_route=\/wp\/v2\/posts\/22610"}],"collection":[{"href":"https:\/\/esreviral.com\/index.php?rest_route=\/wp\/v2\/posts"}],"about":[{"href":"https:\/\/esreviral.com\/index.php?rest_route=\/wp\/v2\/types\/post"}],"author":[{"embeddable":true,"href":"https:\/\/esreviral.com\/index.php?rest_route=\/wp\/v2\/users\/2"}],"replies":[{"embeddable":true,"href":"https:\/\/esreviral.com\/index.php?rest_route=%2Fwp%2Fv2%2Fcomments&post=22610"}],"version-history":[{"count":0,"href":"https:\/\/esreviral.com\/index.php?rest_route=\/wp\/v2\/posts\/22610\/revisions"}],"wp:featuredmedia":[{"embeddable":true,"href":"https:\/\/esreviral.com\/index.php?rest_route=\/"}],"wp:attachment":[{"href":"https:\/\/esreviral.com\/index.php?rest_route=%2Fwp%2Fv2%2Fmedia&parent=22610"}],"wp:term":[{"taxonomy":"category","embeddable":true,"href":"https:\/\/esreviral.com\/index.php?rest_route=%2Fwp%2Fv2%2Fcategories&post=22610"},{"taxonomy":"post_tag","embeddable":true,"href":"https:\/\/esreviral.com\/index.php?rest_route=%2Fwp%2Fv2%2Ftags&post=22610"}],"curies":[{"name":"wp","href":"https:\/\/api.w.org\/{rel}","templated":true}]}}