{"id":22588,"date":"2022-08-20T10:09:33","date_gmt":"2022-08-20T13:09:33","guid":{"rendered":"https:\/\/esreviral.com\/?p=22588"},"modified":"2022-08-20T10:09:33","modified_gmt":"2022-08-20T13:09:33","slug":"daniel-antequera-dar-tierras-venezolanas-a-gobiernos-extranjeros-es-traicion-a-la-patria","status":"publish","type":"post","link":"https:\/\/esreviral.com\/?p=22588","title":{"rendered":"Daniel Antequera: \u201cDar tierras venezolanas a gobiernos extranjeros es traici\u00f3n  a la patria\u201d"},"content":{"rendered":"\n<p>El dirigente pol\u00edtico del estado Lara y miembro del partido Causa R, Daniel Antequera se pronunci\u00f3 respecto a las afirmaciones de Nicol\u00e1s Maduro de pretender otorgar tierras a otros pa\u00edses para mejorar la producci\u00f3n nacional. Antequera enfatiz\u00f3 que la constituci\u00f3n venezolana establece en su art\u00edculo n\u00famero 13 la prohibici\u00f3n de ceder cualquier parte del territorio venezolano bajo ninguna forma o circunstancia a gobiernos extranjeros siendo esto un tema muy delicado y sobre el cual el ejecutivo nacional deber\u00eda estar m\u00e1s que claro.<\/p>\n\n\n\n<p>Acompa\u00f1ado por dirigentes sociales a las orillas del Rio turbio, principal tierra f\u00e9rtil de la ciudad de Barquisimeto, detall\u00f3 que otorgar un mill\u00f3n de hect\u00e1reas, como lo asegura Maduro, es equivalente al tama\u00f1o del 60 por ciento del estado Lara. \u201cMaduro prefiere d\u00e1rselo a manos extranjeras en vez de fomentar la producci\u00f3n nacional donde hay gente valiosa trabajando\u201d agreg\u00f3 el joven l\u00edder pol\u00edtico.<\/p>\n\n\n\n<p>Antequera tambi\u00e9n se pronunci\u00f3 respecto a la dificultad de producci\u00f3n que hay en los campos venezolanos donde las v\u00edas de penetraci\u00f3n est\u00e1n deterioradas, los fertilizantes son costosos y no hay acceso a cr\u00e9ditos para la inversi\u00f3n \u201cnuestros campesinos viven la desigualdad social y nadie lo visibiliza, por eso hay que alzar la voz para evitar que unos pocos sigan llenando sus bolsillos\u201d puntualiz\u00f3.<\/p>\n\n\n\n<p>El dirigente pol\u00edtico tambi\u00e9n record\u00f3 que el Valle Del Turbio fue expropiado hace a\u00f1os con el objeto de hacer soberan\u00eda alimentaria que nunca se cumpli\u00f3, sino que por el contrario se lleva a cabo la extracci\u00f3n ilegal de granz\u00f3n y arena de forma descontrolada afectando la salud de las comunidades cercanas al valle.<\/p>\n\n\n\n<p>Por \u00faltimo Daniel Antequera a\u00f1adi\u00f3 que una verdadera democracia debe tener al campo como pilar fundamental para la transformaci\u00f3n de Venezuela.<\/p>\n\n\n\n<p class=\"has-text-align-right\"><strong><em>Oficina de comunicaciones.-<\/em><\/strong><\/p>\n","protected":false},"excerpt":{"rendered":"<p>El dirigente pol\u00edtico del estado Lara y miembro del partido Causa R, Daniel Antequera se pronunci\u00f3 respecto a las afirmaciones de Nicol\u00e1s Maduro de pretender otorgar tierras a otros pa\u00edses para mejorar la producci\u00f3n nacional. Antequera enfatiz\u00f3 que la constituci\u00f3n venezolana establece en su art\u00edculo n\u00famero 13 la prohibici\u00f3n de ceder cualquier parte del territorio [&hellip;]<\/p>\n","protected":false},"author":2,"featured_media":22589,"comment_status":"open","ping_status":"open","sticky":false,"template":"","format":"standard","meta":{"jnews-multi-image_gallery":[],"jnews_single_post":[],"jnews_primary_category":[],"jnews_social_meta":[],"jnews_review":[],"enable_review":"","type":"","name":"","summary":"","brand":"","sku":"","good":[],"bad":[],"score_override":"","override_value":"","rating":[],"price":[],"jnews_override_counter":[],"jnews_post_split":[],"footnotes":""},"categories":[59,66],"tags":[44,2898,45],"class_list":["post-22588","post","type-post","status-publish","format-standard","has-post-thumbnail","hentry","category-politica","category-venezuela","tag-argentina","tag-daniel-antequera","tag-noticias"],"amp_enabled":true,"_links":{"self":[{"href":"https:\/\/esreviral.com\/index.php?rest_route=\/wp\/v2\/posts\/22588"}],"collection":[{"href":"https:\/\/esreviral.com\/index.php?rest_route=\/wp\/v2\/posts"}],"about":[{"href":"https:\/\/esreviral.com\/index.php?rest_route=\/wp\/v2\/types\/post"}],"author":[{"embeddable":true,"href":"https:\/\/esreviral.com\/index.php?rest_route=\/wp\/v2\/users\/2"}],"replies":[{"embeddable":true,"href":"https:\/\/esreviral.com\/index.php?rest_route=%2Fwp%2Fv2%2Fcomments&post=22588"}],"version-history":[{"count":0,"href":"https:\/\/esreviral.com\/index.php?rest_route=\/wp\/v2\/posts\/22588\/revisions"}],"wp:featuredmedia":[{"embeddable":true,"href":"https:\/\/esreviral.com\/index.php?rest_route=\/"}],"wp:attachment":[{"href":"https:\/\/esreviral.com\/index.php?rest_route=%2Fwp%2Fv2%2Fmedia&parent=22588"}],"wp:term":[{"taxonomy":"category","embeddable":true,"href":"https:\/\/esreviral.com\/index.php?rest_route=%2Fwp%2Fv2%2Fcategories&post=22588"},{"taxonomy":"post_tag","embeddable":true,"href":"https:\/\/esreviral.com\/index.php?rest_route=%2Fwp%2Fv2%2Ftags&post=22588"}],"curies":[{"name":"wp","href":"https:\/\/api.w.org\/{rel}","templated":true}]}}