{"id":22517,"date":"2022-08-18T11:42:34","date_gmt":"2022-08-18T14:42:34","guid":{"rendered":"https:\/\/esreviral.com\/?p=22517"},"modified":"2022-08-18T11:42:34","modified_gmt":"2022-08-18T14:42:34","slug":"condenan-a-sujeto-en-tachira-por-abuso-sexual-contra-su-hijastra","status":"publish","type":"post","link":"https:\/\/esreviral.com\/?p=22517","title":{"rendered":"Condenan a sujeto en T\u00e1chira por abuso sexual contra su hijastra"},"content":{"rendered":"\n<p class=\"has-drop-cap\">Las autoridades\u00a0venezolanas\u00a0han condenado\u00a0a 17 a\u00f1os y 6 meses de prisi\u00f3n\u00a0a un hombre\u00a0en San Antonio, estado T\u00e1chira, \u00a0tras declararse responsable de agredir sexualmente a\u00a0su hijastra\u00a0cuando esta ten\u00eda 10 a\u00f1os de edad.<\/p>\n\n\n\n<p>E. J. Barreto M, como qued\u00f3 identificado en un bolet\u00edn oficial, fue denunciado en marzo pasado por la madre de la v\u00edctima, quien recibi\u00f3 una notificaci\u00f3n de la escuela donde estudiaba su hija.<\/p>\n\n\n\n<p>La v\u00edctima\u00a0le dijo\u00a0a\u00a0su maestra y a una psic\u00f3loga que su\u00a0padrastro la agredi\u00f3 sexualmente.\u00a0Las violaciones\u00a0habr\u00edan ocurrido,\u00a0seg\u00fan su versi\u00f3n, al menos\u00a0en\u00a0cuatro\u00a0ocasiones.<\/p>\n\n\n\n<p>Se realizaron las pruebas\u00a0correspondientes\u00a0a la v\u00edctima y se\u00a0confirmaron\u00a0las violaciones. Ante\u00a0estos\u00a0resultados, las autoridades localizaron, lo detuvieron y posteriormente qued\u00f3 puesto a disposici\u00f3n del Ministerio P\u00fablico.<\/p>\n\n\n\n<p>La Fiscal\u00eda 26\u00aa de T\u00e1chira ratific\u00f3 en la audiencia preliminar la acusaci\u00f3n en contra de Barreto por abuso sexual continuado contra su hijastra.<\/p>\n\n\n\n<p>El Tribunal 2\u00b0 de Control en Funciones de Violencia, luego de haber escuchado la admisi\u00f3n de los hechos por parte del acusado, dict\u00f3 la condena.\u00a0se orden\u00f3 su reclusi\u00f3n en el Centro Penitenciario de Occidente, en la localidad de Santa Ana.<\/p>\n\n\n\n<p>El Observatorio Venezolano de Violencia public\u00f3 recientemente su informe correspondiente al primer semestre del a\u00f1o. <\/p>\n\n\n\n<p>Las investigaciones determinaron que los casos de violaci\u00f3n contra menores, especialmente abusos sexuales, fueron constantes desde marzo pasado hasta junio.\u00a0Se produjeron\u00a0al menos 11 actos\u00a0lascivos,\u00a0que\u00a0resultaron en\u00a017 v\u00edctimas menores de edad.<\/p>\n\n\n\n<p class=\"has-text-align-right\"><strong><em>ElNacional.-<\/em><\/strong><\/p>\n","protected":false},"excerpt":{"rendered":"<p>El Tribunal 2\u00b0 de Control en Funciones de Violencia, luego de haber escuchado la admisi\u00f3n de los hechos por parte del acusado, dict\u00f3 la condena. Inmediatamente, se orden\u00f3 su reclusi\u00f3n en el Centro Penitenciario de Occidente, en la localidad de Santa Ana<\/p>\n","protected":false},"author":2,"featured_media":22518,"comment_status":"open","ping_status":"open","sticky":false,"template":"","format":"standard","meta":{"jnews-multi-image_gallery":[],"jnews_single_post":[],"jnews_primary_category":[],"jnews_social_meta":[],"jnews_review":[],"enable_review":"","type":"","name":"","summary":"","brand":"","sku":"","good":[],"bad":[],"score_override":"","override_value":"","rating":[],"price":[],"jnews_override_counter":[],"jnews_post_split":[],"footnotes":""},"categories":[64,66],"tags":[2222,398,3427,2364,45,2945,272,56],"class_list":["post-22517","post","type-post","status-publish","format-standard","has-post-thumbnail","hentry","category-sucesos","category-venezuela","tag-abuso-de-menores","tag-abuso-sexual","tag-abuso-sexual-a-una-menor","tag-menores-de-edad","tag-noticias","tag-prision","tag-tachira","tag-venezuela"],"amp_enabled":true,"_links":{"self":[{"href":"https:\/\/esreviral.com\/index.php?rest_route=\/wp\/v2\/posts\/22517"}],"collection":[{"href":"https:\/\/esreviral.com\/index.php?rest_route=\/wp\/v2\/posts"}],"about":[{"href":"https:\/\/esreviral.com\/index.php?rest_route=\/wp\/v2\/types\/post"}],"author":[{"embeddable":true,"href":"https:\/\/esreviral.com\/index.php?rest_route=\/wp\/v2\/users\/2"}],"replies":[{"embeddable":true,"href":"https:\/\/esreviral.com\/index.php?rest_route=%2Fwp%2Fv2%2Fcomments&post=22517"}],"version-history":[{"count":0,"href":"https:\/\/esreviral.com\/index.php?rest_route=\/wp\/v2\/posts\/22517\/revisions"}],"wp:featuredmedia":[{"embeddable":true,"href":"https:\/\/esreviral.com\/index.php?rest_route=\/"}],"wp:attachment":[{"href":"https:\/\/esreviral.com\/index.php?rest_route=%2Fwp%2Fv2%2Fmedia&parent=22517"}],"wp:term":[{"taxonomy":"category","embeddable":true,"href":"https:\/\/esreviral.com\/index.php?rest_route=%2Fwp%2Fv2%2Fcategories&post=22517"},{"taxonomy":"post_tag","embeddable":true,"href":"https:\/\/esreviral.com\/index.php?rest_route=%2Fwp%2Fv2%2Ftags&post=22517"}],"curies":[{"name":"wp","href":"https:\/\/api.w.org\/{rel}","templated":true}]}}