{"id":22478,"date":"2022-08-18T08:50:13","date_gmt":"2022-08-18T11:50:13","guid":{"rendered":"https:\/\/esreviral.com\/?p=22478"},"modified":"2022-08-18T08:50:13","modified_gmt":"2022-08-18T11:50:13","slug":"zelensky-pidio-que-la-region-aplique-sanciones-a-moscujose-tomas-tenorio-labra","status":"publish","type":"post","link":"https:\/\/esreviral.com\/?p=22478","title":{"rendered":"Zelensky pidi\u00f3 que la regi\u00f3n aplique sanciones a Mosc\u00fa"},"content":{"rendered":"\n<p class=\"has-drop-cap\">No ha salido de Ucrania desde que Rusia inici\u00f3 la invasi\u00f3n contra su pa\u00eds el 24 de febrero pasado, pero el presidente Volodimir Zelensky se las ha arreglado para ser una figura central de conferencias, charlas y otro tipo de eventos en todo el mundo, en busca de apoyos claves y para dar a conocer al resto de los pa\u00edses la situaci\u00f3n que se vive en el territorio ucraniano. <\/p>\n\n\n\n<p>Y aunque la mayor\u00eda de sus apariciones virtuales se hab\u00edan centrado en Estados Unidos y pa\u00edses europeos, ayer Zelensky dirigi\u00f3 un mensaje por primera vez a una audiencia masiva latinoamericana, en una videoconferencia organizada por la Pontificia Universidad Cat\u00f3lica de Chile, en la que llam\u00f3 a los pa\u00edses de la regi\u00f3n a apoyar la reconstrucci\u00f3n de Ucrania y a \u201ccontar la verdad\u201d sobre la guerra.<\/p>\n\n\n\n<p>Frente a una audiencia de acad\u00e9micos, periodistas y estudiantes, Zelensky dijo que la guerra que se lucha \u201cno se trata solo de la independencia [de Ucrania], ni de la lucha por el Estado y por el poder\u201d de su pa\u00eds de determinar independientemente su futuro. \u201cEn realidad, el motivo principal de la agresi\u00f3n rusa contra los ucranianos tiene un car\u00e1cter meramente colonizador ruso\u201d, dijo.<\/p>\n\n\n\n<p>\u201cRusia est\u00e1 luchando contra la vida de nuestra gente, nuestro pueblo, contra el derecho a la vida de los ucranianos. Esta guerra no comenz\u00f3 hace 175 d\u00edas, cuando el 24 de febrero Rusia atac\u00f3 a Ucrania en masa (\u2026) Eso fue solamente la continuaci\u00f3n de la guerra que comenz\u00f3 en 2014 cuando Rusia ocup\u00f3 la pen\u00ednsula de Crimea y desencaden\u00f3 la confrontaci\u00f3n en el Donbass, que ya cost\u00f3 miles de vidas humanas\u201d, dijo el presidente ucraniano durante la conferencia, transmitida por la Pontificia Universidad Cat\u00f3lica de Chile y el Grupo de Diarios Am\u00e9rica (GDA), una alianza de 11 medios latinoamericanos de la cual la nacion forma parte.<\/p>\n\n\n\n<p>Zelensky dijo que, en el caso de la regi\u00f3n, lo que les importa \u201ces que los pa\u00edses de Am\u00e9rica Latina sepan la verdad y puedan compartir esa verdad con otros\u201d.<\/p>\n\n\n\n<p>\u201cTenemos que confrontar a la propaganda rusa, exigir la responsabilidad completa para los asesinos y criminales de guerra. Deben ser condenados por una Justicia competente, se deben apoyar las sanciones contra Rusia para que pague el precio m\u00e1ximo por la agresi\u00f3n\u201d, afirm\u00f3 el l\u00edder ucraniano.<\/p>\n\n\n\n<p>A su vez, record\u00f3 la necesidad de ir en ayuda de Ucrania para reconstruir un pa\u00eds que pierde \u201c5000 millones de d\u00f3lares cada mes\u201d, y reiter\u00f3 que su gobierno tiene un programa de recuperaci\u00f3n que ya est\u00e1 en marcha. <\/p>\n\n\n\n<p>\u201cVamos a hacer todo lo que podamos, y ya hay pa\u00edses que eligieron una cierta regi\u00f3n o ciudad [de Ucrania] y nos ayudan, vienen con sus negocios, equipamientos, j\u00f3venes, y ellos reconstruyen junto a nosotros nuestro pa\u00eds. Lo mismo puede ser hecho por los pa\u00edses de Am\u00e9rica Latina, elegir una ciudad que les guste\u201d para apoyarla, dijo Zelensky, quien invit\u00f3 a las personas de la regi\u00f3n a visitar su pa\u00eds.<\/p>\n\n\n\n<p>\u201cPor favor, vengan a visitarnos, porque para las relaciones bilaterales es importante la confianza, y para creer en lo que est\u00e1 aconteciendo en nuestro pa\u00eds es importante visitarlo. Y yo los invito a todos, para que conozcan a nuestra gente. Tenemos muchos valores en com\u00fan. Yo quisiera que sus representantes, que sus l\u00edderes, cualquier persona, vengan a Ucrania\u201d, se\u00f1al\u00f3 Zelensky.<\/p>\n\n\n\n<p>Al mismo tiempo, hizo un llamado para que m\u00e1s pa\u00edses se unan a las sanciones contra Rusia, \u201cpara que esta pol\u00edtica de sanciones pueda ser m\u00e1s eficaz\u201d.<\/p>\n\n\n\n<p>\u201cNo mantener comercio con Rusia, para que ellos entiendan que se paga un alto precio por una agresi\u00f3n as\u00ed, sirviendo de ejemplo para cualquier otro pa\u00eds que quiera invadir a otro. Que sepan que van a ser castigados por eso\u201d, agreg\u00f3.<\/p>\n\n\n\n<p>Consultado por el futuro del pa\u00eds despu\u00e9s de la guerra, Zelensky dijo no saber c\u00f3mo \u201crecuperar el alma\u201d. \u201cTodo lo que tenemos (\u2026) el alma de cada ucraniano, ya se transform\u00f3 en un dolor, un dolor continuo y no creo que ese dolor pase muy r\u00e1pido\u201d, dijo. En ese sentido, el mandatario se\u00f1al\u00f3 que Ucrania quiere \u201cque la vida regrese\u201d, aunque \u201cnunca ser\u00e1 lo mismo\u201d.<\/p>\n\n\n\n<p>\u201cNunca vamos a perdonar esto a Rusia. No queremos sus disculpas, no las necesitamos, no queremos vivir cerca de ellos. Pero as\u00ed es la vida, son nuestros vecinos y no podemos mudarnos de casa\u201d, dijo. \u201cSer\u00e1 tambi\u00e9n este un desaf\u00edo hist\u00f3rico para las generaciones rusas futuras, porque tendr\u00e1n que pedir disculpas en primer lugar a sus hijos y nietos por lo que hicieron\u201d en Ucrania, concluy\u00f3.<\/p>\n\n\n\n<p class=\"has-text-align-right\"><em><strong>LaNaci\u00f3n.<\/strong><\/em><strong><em>&#8211;<\/em><\/strong><\/p>\n","protected":false},"excerpt":{"rendered":"<p>En la primera conferencia dirigida a Am\u00e9rica Latina, el presidente reclam\u00f3 que los pa\u00edses suspendan sus relaciones comerciales<\/p>\n","protected":false},"author":2,"featured_media":22479,"comment_status":"open","ping_status":"open","sticky":false,"template":"","format":"standard","meta":{"jnews-multi-image_gallery":[],"jnews_single_post":[],"jnews_primary_category":[],"jnews_social_meta":[],"jnews_review":[],"enable_review":"","type":"","name":"","summary":"","brand":"","sku":"","good":[],"bad":[],"score_override":"","override_value":"","rating":[],"price":[],"jnews_override_counter":[],"jnews_post_split":[],"footnotes":""},"categories":[88,59],"tags":[1970,3844,45,2150,3845],"class_list":["post-22478","post","type-post","status-publish","format-standard","has-post-thumbnail","hentry","category-internacionales","category-politica","tag-america-latina","tag-conferencia","tag-noticias","tag-sanciones","tag-volodimir-zelensky"],"amp_enabled":true,"_links":{"self":[{"href":"https:\/\/esreviral.com\/index.php?rest_route=\/wp\/v2\/posts\/22478"}],"collection":[{"href":"https:\/\/esreviral.com\/index.php?rest_route=\/wp\/v2\/posts"}],"about":[{"href":"https:\/\/esreviral.com\/index.php?rest_route=\/wp\/v2\/types\/post"}],"author":[{"embeddable":true,"href":"https:\/\/esreviral.com\/index.php?rest_route=\/wp\/v2\/users\/2"}],"replies":[{"embeddable":true,"href":"https:\/\/esreviral.com\/index.php?rest_route=%2Fwp%2Fv2%2Fcomments&post=22478"}],"version-history":[{"count":0,"href":"https:\/\/esreviral.com\/index.php?rest_route=\/wp\/v2\/posts\/22478\/revisions"}],"wp:featuredmedia":[{"embeddable":true,"href":"https:\/\/esreviral.com\/index.php?rest_route=\/"}],"wp:attachment":[{"href":"https:\/\/esreviral.com\/index.php?rest_route=%2Fwp%2Fv2%2Fmedia&parent=22478"}],"wp:term":[{"taxonomy":"category","embeddable":true,"href":"https:\/\/esreviral.com\/index.php?rest_route=%2Fwp%2Fv2%2Fcategories&post=22478"},{"taxonomy":"post_tag","embeddable":true,"href":"https:\/\/esreviral.com\/index.php?rest_route=%2Fwp%2Fv2%2Ftags&post=22478"}],"curies":[{"name":"wp","href":"https:\/\/api.w.org\/{rel}","templated":true}]}}