{"id":22449,"date":"2022-08-17T11:48:00","date_gmt":"2022-08-17T14:48:00","guid":{"rendered":"https:\/\/esreviral.com\/?p=22449"},"modified":"2022-08-17T11:48:00","modified_gmt":"2022-08-17T14:48:00","slug":"alerta-amarilla-del-servicio-meteorologico-para-11-provincias-por-tormentas-y-vientos-fuertes","status":"publish","type":"post","link":"https:\/\/esreviral.com\/?p=22449","title":{"rendered":"Alerta amarilla del Servicio Meteorol\u00f3gico para 11 provincias por tormentas y vientos fuertes"},"content":{"rendered":"\n<p class=\"has-drop-cap\">Gran parte de la Patagonia y el centro y noroeste del pa\u00eds se encontraban este lunes bajo alerta amarilla y naranja por vientos fuertes, mientras que se emiti\u00f3 otra por nevadas para las cordilleras de Neuqu\u00e9n, R\u00edo Negro y Chubut, y alertas por tormentas para las provincias de Corrientes y Misiones, inform\u00f3 el Servicio Meteorol\u00f3gico Nacional (SMN).<\/p>\n\n\n\n<p>Las zonas con&nbsp;<strong>alerta amarilla por vientos de entre 30 y 65 km\/h<\/strong>&nbsp;son el sur de la provincia de Santiago del Estero, la mayor parte de C\u00f3rdoba, Santa Fe y La Pampa, el noroeste de la provincia de Buenos Aires, el sur de San Luis, el suroeste de Mendoza, la totalidad de R\u00edo Negro y Neuqu\u00e9n, y gran parte de Chubut.<\/p>\n\n\n\n<p>En tanto, para el oeste de Jujuy, Salta, Catamarca y La Rioja se emiti\u00f3 una&nbsp;<strong>alerta amarilla por viento zonda con una intensidad que oscilar\u00e1 entre los 30 y 45 km\/h<\/strong>, mientras que las r\u00e1fagas podr\u00e1n superar los 70 km\/h.<\/p>\n\n\n\n<p>A su vez, rigen&nbsp;<strong>alertas naranjas por vientos<\/strong>&nbsp;para R\u00edo Negro en las mesetas de Pilcaniyeu y de \u00d1orquinc\u00f3 y las localidades Nueve de Julio, El Cuy y Veinticinco de Mayo, mientras que en Neuqu\u00e9n afectar\u00e1 a casi toda la provincia en los departamentos de Loncopu\u00e9, \u00d1orqu\u00edn A\u00f1elo, Pehuenches, Chos Malal, Minas, Cat\u00e1n Lil, Coll\u00f3n Cur\u00e1, Zapala, la Zona baja de Alumin\u00e9, Huiliches y L\u00e1car.<\/p>\n\n\n\n<p>El \u00e1rea ser\u00e1 afectada por vientos del sector oeste con velocidades entre 60 y 70 km\/h, con r\u00e1fagas que pueden superar los 110 km\/h, precis\u00f3 el SMN.<\/p>\n\n\n\n<p>El reporte diario del organismo tambi\u00e9n emiti\u00f3 una&nbsp;<strong>alerta amarilla por nevadas de variada intensidad para las zonas cordilleranas<\/strong>&nbsp;de Neuqu\u00e9n, R\u00edo Negro y Chubut, donde se prev\u00e9n valores de nieve acumulada entre 20 y 45 cent\u00edmetros, que pueden ser superados en las zonas m\u00e1s elevadas.<\/p>\n\n\n\n<p>A su vez, rige otra&nbsp;<strong>alerta naranja por nevadas moderadas a fuertes<\/strong>&nbsp;en las cordilleras de Huiliches y de L\u00e1car, en el Sur de Alumin\u00e9, y Los Lagos, en Neuqu\u00e9n.<\/p>\n\n\n\n<p>La nieve acumulada podr\u00e1 alcanzar entre 30 y 40 cent\u00edmetros de altura, con los mayores acumulados en las zonas m\u00e1s elevadas y no se descarta la ocurrencia de precipitaciones en forma de lluvia y nieve en las zonas m\u00e1s bajas.<\/p>\n\n\n\n<p>Adem\u00e1s, el fen\u00f3meno podr\u00eda estar acompa\u00f1ado por vientos fuertes, con reducci\u00f3n de visibilidad por la nieve en suspensi\u00f3n, indic\u00f3 el SMN.<\/p>\n\n\n\n<p>Hacia el noreste del pa\u00eds, rige otra&nbsp;<strong>alerta amarilla por tormentas de variada intensidad<\/strong>&nbsp;para la casi totalidad de Corrientes y el sureste de Misiones, donde se estiman valores de precipitaci\u00f3n acumulada entre 15 y 40 mil\u00edmetros, pudiendo ser superados de manera localizada.<\/p>\n\n\n\n<p>Las tormentas estar\u00e1n acompa\u00f1adas por&nbsp;<strong>intensas precipitaciones en cortos periodos, fuerte actividad el\u00e9ctrica, muy intensas r\u00e1fagas y ocasional ca\u00edda de granizo<\/strong>.<\/p>\n\n\n\n<p>Tambi\u00e9n, se emiti\u00f3 un aviso a muy corto plazo v\u00e1lido por tormentas fuertes con lluvias intensas y ocasional ca\u00edda de granizo para las localidades correntinas de Curuzu Cuatia, Mercedes, Paso de los Libres y San Martin.<\/p>\n\n\n\n<p>El nivel de alerta amarillo indica posibles fen\u00f3menos meteorol\u00f3gicos con capacidad de da\u00f1o y riesgo de interrupci\u00f3n moment\u00e1nea de actividades cotidianas, mientras que el nivel naranja advierte sobre fen\u00f3menos meteorol\u00f3gicos peligrosos para la sociedad, la vida, los bienes y el medio ambiente, explic\u00f3 el SMN.<\/p>\n\n\n\n<p class=\"has-text-align-right\"><strong><em>Telam.-<\/em><\/strong><\/p>\n","protected":false},"excerpt":{"rendered":"<p>El foco principal est\u00e1 en la regi\u00f3n del centro y el sur del pa\u00eds. Tambi\u00e9n se esperan nevadas.<\/p>\n","protected":false},"author":2,"featured_media":22450,"comment_status":"open","ping_status":"open","sticky":false,"template":"","format":"standard","meta":{"jnews-multi-image_gallery":[],"jnews_single_post":[],"jnews_primary_category":[],"jnews_social_meta":[],"jnews_review":[],"enable_review":"","type":"","name":"","summary":"","brand":"","sku":"","good":[],"bad":[],"score_override":"","override_value":"","rating":[],"price":[],"jnews_override_counter":[],"jnews_post_split":[],"footnotes":""},"categories":[58],"tags":[1228,3838,3839,44,45,3840,3841],"class_list":["post-22449","post","type-post","status-publish","format-standard","has-post-thumbnail","hentry","category-argentina","tag-alerta-amarilla","tag-alerta-meteorologico","tag-alerta-naranja","tag-argentina","tag-noticias","tag-provincia","tag-servicio-meteorologico"],"amp_enabled":true,"_links":{"self":[{"href":"https:\/\/esreviral.com\/index.php?rest_route=\/wp\/v2\/posts\/22449"}],"collection":[{"href":"https:\/\/esreviral.com\/index.php?rest_route=\/wp\/v2\/posts"}],"about":[{"href":"https:\/\/esreviral.com\/index.php?rest_route=\/wp\/v2\/types\/post"}],"author":[{"embeddable":true,"href":"https:\/\/esreviral.com\/index.php?rest_route=\/wp\/v2\/users\/2"}],"replies":[{"embeddable":true,"href":"https:\/\/esreviral.com\/index.php?rest_route=%2Fwp%2Fv2%2Fcomments&post=22449"}],"version-history":[{"count":0,"href":"https:\/\/esreviral.com\/index.php?rest_route=\/wp\/v2\/posts\/22449\/revisions"}],"wp:featuredmedia":[{"embeddable":true,"href":"https:\/\/esreviral.com\/index.php?rest_route=\/"}],"wp:attachment":[{"href":"https:\/\/esreviral.com\/index.php?rest_route=%2Fwp%2Fv2%2Fmedia&parent=22449"}],"wp:term":[{"taxonomy":"category","embeddable":true,"href":"https:\/\/esreviral.com\/index.php?rest_route=%2Fwp%2Fv2%2Fcategories&post=22449"},{"taxonomy":"post_tag","embeddable":true,"href":"https:\/\/esreviral.com\/index.php?rest_route=%2Fwp%2Fv2%2Ftags&post=22449"}],"curies":[{"name":"wp","href":"https:\/\/api.w.org\/{rel}","templated":true}]}}