{"id":22443,"date":"2022-08-17T10:32:47","date_gmt":"2022-08-17T13:32:47","guid":{"rendered":"https:\/\/esreviral.com\/?p=22443"},"modified":"2022-08-17T10:32:47","modified_gmt":"2022-08-17T13:32:47","slug":"bancarios-realizan-desde-las-11-un-cese-de-tareas-para-sumarse-a-la-marcha-de-la-cgt","status":"publish","type":"post","link":"https:\/\/esreviral.com\/?p=22443","title":{"rendered":"Bancarios realizan desde las 11 un cese de tareas para sumarse a la marcha de la CGT"},"content":{"rendered":"\n<p class=\"has-drop-cap\">La Asociaci\u00f3n Bancaria (AB) convoc\u00f3 a un cese de tareas a partir de las 11 de este mi\u00e9rcoles en la actividad<strong>&nbsp;para que ese personal se movilice junto con la CGT al Congreso&nbsp;<\/strong>para denunciar a \u00ablas corporaciones econ\u00f3mico-financieras\u00bb, porque \u00abprimero est\u00e1 al Patria\u00bb.<\/p>\n\n\n\n<p>Un documento firmado por el secretario general de la entidad y diputado del Frente de Todos (FdT), Sergio Palazzo, y el secretario de Prensa del gremio, Claudio Bustelo, sostuvo que los bancarios denunciar\u00e1n con la CGT \u00abla intolerable acci\u00f3n de las corporaciones econ\u00f3mico-financieras que atentan contra los derechos alimentarios de millones de argentinos y el proceso de reactivaci\u00f3n de la econom\u00eda productiva\u00bb.<\/p>\n\n\n\n<figure class=\"wp-block-embed is-type-rich is-provider-twitter wp-block-embed-twitter\"><div class=\"wp-block-embed__wrapper\">\nhttps:\/\/twitter.com\/La_Bancaria\/status\/1559566401559568391?ref_src=twsrc%5Etfw%7Ctwcamp%5Etweetembed%7Ctwterm%5E1559566401559568391%7Ctwgr%5Ea334bba028322ca8bf373da59ef596d9ade80221%7Ctwcon%5Es1_c10&#038;ref_url=https%3A%2F%2Fwww.telam.com.ar%2Fnotas%2F202208%2F601919-bancarios-cese-tareas-marcha-cgt.html\n<\/div><\/figure>\n\n\n\n<p>\u00ab<strong>Los bancarios se movilizar\u00e1n de forma masiva con la misma convicci\u00f3n de siempre y junto con la CGT para denunciar a las corporaciones econ\u00f3mico-financieras\u00bb<\/strong>, afirm\u00f3.<\/p>\n\n\n\n<p>\u00abEs necesario recuperar la econom\u00eda nacional con inclusi\u00f3n y justicia social y con plena vigencia de los derechos laborales y de la seguridad social\u00bb, expres\u00f3 y dijo que \u00abse marchar\u00e1 frente a quienes atentan contra el presente, los que promueven golpes de mercado con la especulaci\u00f3n con el d\u00f3lar y en defensa de los ingresos y el poder adquisitivo del salario\u00bb.<\/p>\n\n\n\n<p>Los dirigentes gremiales anunciaron que los bancarios realizar\u00e1n un cese de actividades a partir de las 11 para participar en \u00abla multitudinaria marcha\u00bb, y aseveraron que \u00abm\u00e1s vale prevenir que resistir y decir basta a tiempo, por lo que el sindicato invita a todos los trabajadores de la actividad a salir ma\u00f1ana a la calle para decir basta\u00bb.<\/p>\n\n\n\n<p class=\"has-text-align-right\"><em><strong>Telam.<\/strong><\/em>&#8211;<\/p>\n","protected":false},"excerpt":{"rendered":"<p>El gremio que dirige el diputado Sergio Palazzo se suma a la marcha al Congreso contra \u201clas corporaciones econ\u00f3mico-financieras\u201d.<\/p>\n","protected":false},"author":2,"featured_media":22444,"comment_status":"open","ping_status":"open","sticky":false,"template":"","format":"standard","meta":{"jnews-multi-image_gallery":[],"jnews_single_post":[],"jnews_primary_category":[],"jnews_social_meta":[],"jnews_review":[],"enable_review":"","type":"","name":"","summary":"","brand":"","sku":"","good":[],"bad":[],"score_override":"","override_value":"","rating":[],"price":[],"jnews_override_counter":[],"jnews_post_split":[],"footnotes":""},"categories":[58],"tags":[44,1908,3836,3837,1235,102,3064,45],"class_list":["post-22443","post","type-post","status-publish","format-standard","has-post-thumbnail","hentry","category-argentina","tag-argentina","tag-asociacion-bancaria","tag-banca","tag-cese-de-tareas","tag-cgt","tag-marcha","tag-movilizacion","tag-noticias"],"amp_enabled":true,"_links":{"self":[{"href":"https:\/\/esreviral.com\/index.php?rest_route=\/wp\/v2\/posts\/22443"}],"collection":[{"href":"https:\/\/esreviral.com\/index.php?rest_route=\/wp\/v2\/posts"}],"about":[{"href":"https:\/\/esreviral.com\/index.php?rest_route=\/wp\/v2\/types\/post"}],"author":[{"embeddable":true,"href":"https:\/\/esreviral.com\/index.php?rest_route=\/wp\/v2\/users\/2"}],"replies":[{"embeddable":true,"href":"https:\/\/esreviral.com\/index.php?rest_route=%2Fwp%2Fv2%2Fcomments&post=22443"}],"version-history":[{"count":0,"href":"https:\/\/esreviral.com\/index.php?rest_route=\/wp\/v2\/posts\/22443\/revisions"}],"wp:featuredmedia":[{"embeddable":true,"href":"https:\/\/esreviral.com\/index.php?rest_route=\/"}],"wp:attachment":[{"href":"https:\/\/esreviral.com\/index.php?rest_route=%2Fwp%2Fv2%2Fmedia&parent=22443"}],"wp:term":[{"taxonomy":"category","embeddable":true,"href":"https:\/\/esreviral.com\/index.php?rest_route=%2Fwp%2Fv2%2Fcategories&post=22443"},{"taxonomy":"post_tag","embeddable":true,"href":"https:\/\/esreviral.com\/index.php?rest_route=%2Fwp%2Fv2%2Ftags&post=22443"}],"curies":[{"name":"wp","href":"https:\/\/api.w.org\/{rel}","templated":true}]}}