{"id":22437,"date":"2022-08-17T10:10:14","date_gmt":"2022-08-17T13:10:14","guid":{"rendered":"https:\/\/esreviral.com\/?p=22437"},"modified":"2022-08-17T10:10:14","modified_gmt":"2022-08-17T13:10:14","slug":"la-cgt-la-cta-y-organizaciones-sociales-marchan-al-congreso-contra-los-formadores-de-precios","status":"publish","type":"post","link":"https:\/\/esreviral.com\/?p=22437","title":{"rendered":"La CGT, la CTA y organizaciones sociales marchan al Congreso contra \u00ablos formadores de precios\u00bb"},"content":{"rendered":"\n<p class=\"has-drop-cap\">La CGT, la CTA, otros espacios sindicales y movimientos sociales se movilizan este mi\u00e9rcoles desde el Obelisco hacia el Congreso en rechazo de \u00ablos formadores de precios y la especulaci\u00f3n\u00bb.<\/p>\n\n\n\n<p>La marcha convocada por la central obrera con la consiga \u00abPrimero est\u00e1 la Patria\u00bb est\u00e1 prevista para las 15 y se prev\u00e9 la lectura de \u00abun documento de corte pol\u00edtico\u00bb.<\/p>\n\n\n\n<blockquote class=\"wp-block-quote td_quote_box td_box_center is-layout-flow wp-block-quote-is-layout-flow\"><p>\u00abEl desaf\u00edo que hoy convoca es la construcci\u00f3n colectiva de una s\u00f3lida y prolongada plataforma de Acuerdo Nacional, con amplio consenso, sobre las pol\u00edticas de Estado de corto, mediano y largo plazo, por lo que es imprescindible evitar consignas vac\u00edas de contenido o ejercicios pol\u00edticos que apunten solo a lo coyuntural\u00bb, afirm\u00f3 este martes la CGT en un texto firmado por los cotitulares H\u00e9ctor Daer, Carlos Acu\u00f1a y Pablo Moyano.<\/p><\/blockquote>\n\n\n\n<p>En ese\u00a0contexto, subray\u00f3\u00a0que\u00a0el pa\u00eds\u00a0exige<strong> \u00abcompromisos firmes para<\/strong>\u00a0<strong>\u00a0mitigar la injusticia social que hoy asfixia\u00bb<\/strong>y enfatiz\u00f3 que la marcha interpelar\u00e1 a todos los actores pol\u00edticos con responsabilidad representativa a comprometerse con el destino com\u00fan.<\/p>\n\n\n\n<p>Advirti\u00f3 la CGT \u00abEsos actores pol\u00edticos deben abandonar la mezquina confrontaci\u00f3n electoral en beneficio de intereses individuales. La inflaci\u00f3n alcanz\u00f3 niveles intolerables que pulverizan el poder de compra de los trabajadores y, mucha de la responsabilidad, depende de sectores que se apropiaron de ganancias en tiempo de p\u00e9rdidas para los trabajadores\u00bb.<\/p>\n\n\n\n<p> En el marco de la movilizaci\u00f3n, el Frente Sindical para el Modelo Nacional (Fresimona) se concentrar\u00e1 a las 12 en las Avenidas Belgrano y 9 de Julio; a la misma hora lo har\u00e1n los gremios de la CTA en San Juan y 9 de Julio y, a las 13, los movimientos sociales y el partido Miles se reunir\u00e1n en 9 de Julio y Avenida de Mayo.<\/p>\n\n\n\n<p><strong><span style=\"background-color:#a30003\" class=\"td_text_highlight_marker\">BANCARIOS REALIZAN DESDE LAS 11 UN CESE DE TAREAS PARA SUMARSE A LA MARCHA DE LA CGT<\/span><\/strong><\/p>\n\n\n\n<p>La Asociaci\u00f3n Bancaria convoc\u00f3 a un cese de tareas a partir de las 11 para que ese personal se movilice junto con la CGT al Congreso para denunciar a \u00ablas corporaciones econ\u00f3mico-financieras\u00bb.<\/p>\n\n\n\n<p>Un documento firmado por el secretario general de la entidad y diputado del Frente de Todos (FdT), Sergio Palazzo, y el secretario de Prensa del gremio, Claudio Bustelo, sostuvo que los bancarios denunciar\u00e1n con la CGT \u00abla intolerable acci\u00f3n de las corporaciones econ\u00f3mico-financieras que atentan contra los derechos alimentarios de millones de argentinos y el proceso de reactivaci\u00f3n de la econom\u00eda productiva\u00bb.<\/p>\n\n\n\n<p>\u00abLos bancarios se movilizar\u00e1n de forma masiva con la misma convicci\u00f3n de siempre y junto con la CGT para denunciar a las corporaciones econ\u00f3mico-financieras. \u00abEs necesario recuperar la econom\u00eda nacional con inclusi\u00f3n y justicia social y con plena vigencia de los derechos laborales y de la seguridad social\u00bb, expres\u00f3. Los dirigentes sostuvieron que \u00abse marchar\u00e1 frente a quienes atentan contra el presente, los que promueven golpes de mercado con la especulaci\u00f3n con el d\u00f3lar y en defensa de los ingresos y el poder adquisitivo del salario\u00bb.<\/p>\n\n\n\n<p><strong><span style=\"background-color:#a30003\" class=\"td_text_highlight_marker\">La izquierda marcha a Plaza de Mayo<\/span><\/strong><\/p>\n\n\n\n<p>Las organizaciones sociales de izquierda y los partidos y organizaciones sindicales del sector convocaron\u00a0a una jornada de lucha alternativa contra\u00a0\u00abel ajuste y en apoyo de las luchas\u00bb, por lo que no acudir\u00e1n\u00a0al Congreso sino\u00a0a\u00a0la Plaza de Mayo\u00a0a partir de las 17.30.<\/p>\n\n\n\n<p>En\u00a0este contexto,\u00a0el\u00a0Sindicato\u00a0de\u00a0Docentes\u00a0Ademys realiza desde las 0 hora un paro de actividades, con una radio abierta frente a la sede del Ministerio de Educaci\u00f3n porte\u00f1o, ubicada en la avenida Paseo Col\u00f3n 255 del barrio de San Telmo .<\/p>\n\n\n\n<p> La\u00a0medida de fuerza\u00a0se enmarca en la\u00a0continuidad del plan de lucha\u00a0lanzado\u00a0la semana pasada por la Confederaci\u00f3n de Trabajadores de la Educaci\u00f3n de la Rep\u00fablica Argentina\u00a0(Ctera), que exige la \u00abreapertura de las paritarias y un aumento salarial inmediato para activos y jubilados\u00bb.<\/p>\n\n\n\n<p>Ademys tambi\u00e9n rechaza lo que definen como \u00abreformas regresivas laborales y educativas; el vaciamiento de la Obsba; las Irregularidades y sanciones en actos p\u00fablicos; y la extensi\u00f3n de la jornada escolar\u00bb.<\/p>\n\n\n\n<figure class=\"wp-block-image size-large\"><img decoding=\"async\" src=\"https:\/\/www.telam.com.ar\/thumbs\/bluesteel\/advf\/imagenes\/2022\/08\/62fc07336aa39_900.jpg\" alt=\"\"\/><\/figure>\n\n\n\n<p><strong><span style=\"background-color:#a30003\" class=\"td_text_highlight_marker\">CORTES DE CALLES Y AVENIDAS EN EL CENTRO PORTE\u00d1O<\/span><\/strong><\/p>\n\n\n\n<p><\/p>\n\n\n\n<p>El tr\u00e1nsito en el centro de CABA se ver\u00e1 afectado a partir de mediodia <strong>debido al cierre programado<\/strong>\u00a0de calles y\u00a0avenida.<\/p>\n\n\n\n<p>Desde las\u00a012 del mediod\u00eda,\u00a0los manifestantes se concentran en la zona del Obelisco, en las intersecciones de Lima con M\u00e9xico y con Carlos Calvo; y en varios puntos de avenida 9 de julio, particularmente en las esquinas de avenida San Juan, Avenida de Mayo, y avenida Belgrano, para luego movilizarse hacia el Congreso Nacional.<\/p>\n\n\n\n<p>\u00a0A partir de\u00a0las 15\u00a0horas se realizar\u00e1 una concentraci\u00f3n de diferentes agrupaciones y partidos de izquierda en Avenida de Mayo y Bol\u00edvar, y tambi\u00e9n en Diagonal Sur y Per\u00fa, frente a la sede del Instituto Nacional de Estad\u00edstica y Censos (INDEC), para dirigirse hacia Plaza de Mayo.<\/p>\n\n\n\n<p>La Secretaria de Tr\u00e1nsito porte\u00f1o anunci\u00f3 un operativo con oficiales para ordenar la circulaci\u00f3n y dirigir los desv\u00edos en las zonas aleda\u00f1as a los lugares de concentraci\u00f3n y marchas. \u00a0En\u00a0este\u00a0sentido, las autoridades recomiendan\u00a0que\u00a0los conductores que\u00a0tengan su\u00a0destino\u00a0el centro de la\u00a0ciudad opten por\u00a0hacerlo con\u00a0el\u00a0transporte p\u00fablico,\u00a0particularmente\u00a0a trav\u00e9s de la red del subterr\u00e1neo,\u00a0para no\u00a0experimentar\u00a0demoras e inconvenientes.<\/p>\n\n\n\n<figure class=\"wp-block-embed aligncenter is-type-rich is-provider-twitter wp-block-embed-twitter\"><div class=\"wp-block-embed__wrapper\">\n<blockquote class=\"twitter-tweet\" data-width=\"500\" data-dnt=\"true\"><p lang=\"es\" dir=\"ltr\">La marcha de la CGT, la CTA y de organizaciones afines al Gobierno: empezaron los cortes y se espera un d\u00eda ca\u00f3tico en el centro porte\u00f1o via <a href=\"https:\/\/twitter.com\/todonoticias?ref_src=twsrc%5Etfw\">@todonoticias<\/a> <a href=\"https:\/\/t.co\/lNf48BU43K\">https:\/\/t.co\/lNf48BU43K<\/a> <a href=\"https:\/\/t.co\/ZzU7VMQR0d\">pic.twitter.com\/ZzU7VMQR0d<\/a><\/p>&mdash; Solo Tr\u00e1nsito\u2197 (@solotransito) <a href=\"https:\/\/twitter.com\/solotransito\/status\/1559874860553322497?ref_src=twsrc%5Etfw\">August 17, 2022<\/a><\/blockquote><script async src=\"https:\/\/platform.twitter.com\/widgets.js\" charset=\"utf-8\"><\/script>\n<\/div><\/figure>\n\n\n\n<p class=\"has-text-align-right\"><em><strong>Telam<\/strong><\/em><strong><em>.-<\/em><\/strong><\/p>\n","protected":false},"excerpt":{"rendered":"<p>La movilizaci\u00f3n convocada por las centrales obreras con la consiga \u00abPrimero est\u00e1 la Patria\u00bb comenzar\u00e1 a partir de las 15 y culminar\u00e1 con la lectura de \u00abun documento de corte pol\u00edtico\u00bb.Los Bancarios realizan desde las 11 un cese de tareas para sumarse a la marcha.<\/p>\n","protected":false},"author":2,"featured_media":22438,"comment_status":"open","ping_status":"open","sticky":false,"template":"","format":"standard","meta":{"jnews-multi-image_gallery":[],"jnews_single_post":[],"jnews_primary_category":[],"jnews_social_meta":[],"jnews_review":[],"enable_review":"","type":"","name":"","summary":"","brand":"","sku":"","good":[],"bad":[],"score_override":"","override_value":"","rating":[],"price":[],"jnews_override_counter":[],"jnews_post_split":[],"footnotes":""},"categories":[59],"tags":[44,1235,167,3832,102,3833,45],"class_list":["post-22437","post","type-post","status-publish","format-standard","has-post-thumbnail","hentry","category-politica","tag-argentina","tag-cgt","tag-congreso","tag-cta","tag-marcha","tag-movimientos-sociales","tag-noticias"],"amp_enabled":true,"_links":{"self":[{"href":"https:\/\/esreviral.com\/index.php?rest_route=\/wp\/v2\/posts\/22437"}],"collection":[{"href":"https:\/\/esreviral.com\/index.php?rest_route=\/wp\/v2\/posts"}],"about":[{"href":"https:\/\/esreviral.com\/index.php?rest_route=\/wp\/v2\/types\/post"}],"author":[{"embeddable":true,"href":"https:\/\/esreviral.com\/index.php?rest_route=\/wp\/v2\/users\/2"}],"replies":[{"embeddable":true,"href":"https:\/\/esreviral.com\/index.php?rest_route=%2Fwp%2Fv2%2Fcomments&post=22437"}],"version-history":[{"count":0,"href":"https:\/\/esreviral.com\/index.php?rest_route=\/wp\/v2\/posts\/22437\/revisions"}],"wp:featuredmedia":[{"embeddable":true,"href":"https:\/\/esreviral.com\/index.php?rest_route=\/"}],"wp:attachment":[{"href":"https:\/\/esreviral.com\/index.php?rest_route=%2Fwp%2Fv2%2Fmedia&parent=22437"}],"wp:term":[{"taxonomy":"category","embeddable":true,"href":"https:\/\/esreviral.com\/index.php?rest_route=%2Fwp%2Fv2%2Fcategories&post=22437"},{"taxonomy":"post_tag","embeddable":true,"href":"https:\/\/esreviral.com\/index.php?rest_route=%2Fwp%2Fv2%2Ftags&post=22437"}],"curies":[{"name":"wp","href":"https:\/\/api.w.org\/{rel}","templated":true}]}}