{"id":22385,"date":"2022-08-16T09:08:01","date_gmt":"2022-08-16T12:08:01","guid":{"rendered":"https:\/\/esreviral.com\/?p=22385"},"modified":"2022-08-16T09:08:01","modified_gmt":"2022-08-16T12:08:01","slug":"tras-la-medida-gremial-el-ramal-bosques-de-la-linea-roca-opera-con-servicio-limitado","status":"publish","type":"post","link":"https:\/\/esreviral.com\/?p=22385","title":{"rendered":"Tras la medida gremial, el ramal Bosques de la l\u00ednea Roca opera con servicio limitado"},"content":{"rendered":"\n<p class=\"has-drop-cap\">Trenes Argentinos \u00a0inform\u00f3 que El ramal Bosques v\u00eda Quilmes de la l\u00ednea ferroviaria Roca opera la ma\u00f1ana de este martes con servicio limitado, mientras que el v\u00eda Temperley lo hace con un servicio corto.<\/p>\n\n\n\n<p>La primera vuelta\u00a0entre Constituci\u00f3n-Berazategui y\u00a0la segunda\u00a0entre Constituci\u00f3n-Florencio Varela.<\/p>\n\n\n\n<figure class=\"wp-block-image size-large\"><img decoding=\"async\" src=\"https:\/\/www.telam.com.ar\/thumbs\/bluesteel\/advf\/imagenes\/2022\/08\/62fa4b8eb4e38_900.jpg\" alt=\"\"\/><\/figure>\n\n\n\n<p>Seg\u00fan informaron fuentes de Trenes Argentinos, los inconvenientes se deben a \u00abcuestiones de seguridad operativas\u00bb.<\/p>\n\n\n\n<p>El lunes, la l\u00ednea Roca \u00a0se vio\u00a0paralizada por\u00a0la medida gremial tras la agresi\u00f3n a un maquinista que fue atacado luego de que una formaci\u00f3n arrollara a un nene de 4 a\u00f1os a la altura de Bosques.<\/p>\n\n\n\n<figure class=\"wp-block-image size-large\"><img decoding=\"async\" src=\"https:\/\/www.telam.com.ar\/thumbs\/bluesteel\/advf\/imagenes\/2022\/08\/62fa4b8e87bea_900.jpg\" alt=\"\"\/><\/figure>\n\n\n\n<p class=\"has-text-align-right\"><em><strong>Telam<\/strong><\/em><strong><em>.-<\/em><\/strong><\/p>\n","protected":false},"excerpt":{"rendered":"<p>El v\u00eda Temperley lo hace con un servicio corto. Los inconvenientes se deben a \u00abcuestiones de seguridad operativas\u00bb. El servicio no funcion\u00f3 el lunes como protesta por el ataque a un conductor, despu\u00e9s de que una formaci\u00f3n arrollara a un ni\u00f1o.<\/p>\n","protected":false},"author":2,"featured_media":22386,"comment_status":"open","ping_status":"open","sticky":false,"template":"","format":"standard","meta":{"jnews-multi-image_gallery":[],"jnews_single_post":[],"jnews_primary_category":[],"jnews_social_meta":[],"jnews_review":[],"enable_review":"","type":"","name":"","summary":"","brand":"","sku":"","good":[],"bad":[],"score_override":"","override_value":"","rating":[],"price":[],"jnews_override_counter":[],"jnews_post_split":[],"footnotes":""},"categories":[58],"tags":[44,3818,3819,1043,45,1387,3820,3348],"class_list":["post-22385","post","type-post","status-publish","format-standard","has-post-thumbnail","hentry","category-argentina","tag-argentina","tag-la-fraternidad","tag-maquinista","tag-mar-del-plata","tag-noticias","tag-paro","tag-tren-roca","tag-turistas"],"amp_enabled":true,"_links":{"self":[{"href":"https:\/\/esreviral.com\/index.php?rest_route=\/wp\/v2\/posts\/22385"}],"collection":[{"href":"https:\/\/esreviral.com\/index.php?rest_route=\/wp\/v2\/posts"}],"about":[{"href":"https:\/\/esreviral.com\/index.php?rest_route=\/wp\/v2\/types\/post"}],"author":[{"embeddable":true,"href":"https:\/\/esreviral.com\/index.php?rest_route=\/wp\/v2\/users\/2"}],"replies":[{"embeddable":true,"href":"https:\/\/esreviral.com\/index.php?rest_route=%2Fwp%2Fv2%2Fcomments&post=22385"}],"version-history":[{"count":0,"href":"https:\/\/esreviral.com\/index.php?rest_route=\/wp\/v2\/posts\/22385\/revisions"}],"wp:featuredmedia":[{"embeddable":true,"href":"https:\/\/esreviral.com\/index.php?rest_route=\/"}],"wp:attachment":[{"href":"https:\/\/esreviral.com\/index.php?rest_route=%2Fwp%2Fv2%2Fmedia&parent=22385"}],"wp:term":[{"taxonomy":"category","embeddable":true,"href":"https:\/\/esreviral.com\/index.php?rest_route=%2Fwp%2Fv2%2Fcategories&post=22385"},{"taxonomy":"post_tag","embeddable":true,"href":"https:\/\/esreviral.com\/index.php?rest_route=%2Fwp%2Fv2%2Ftags&post=22385"}],"curies":[{"name":"wp","href":"https:\/\/api.w.org\/{rel}","templated":true}]}}