{"id":22382,"date":"2022-08-16T08:56:04","date_gmt":"2022-08-16T11:56:04","guid":{"rendered":"https:\/\/esreviral.com\/?p=22382"},"modified":"2022-08-16T08:56:04","modified_gmt":"2022-08-16T11:56:04","slug":"conoce-los-detalles-del-nuevo-esquema-de-subsidios-al-consumo-de-gas-y-electricidad","status":"publish","type":"post","link":"https:\/\/esreviral.com\/?p=22382","title":{"rendered":"Conoce los detalles del nuevo esquema de subsidios al consumo de gas y electricidad"},"content":{"rendered":"\n<p class=\"has-drop-cap\">El Ministerio de Econom\u00eda, a trav\u00e9s de la Secretar\u00eda de Energ\u00eda,\u00a0anunciar\u00e1 este martes los detalles del nuevo esquema de subsidios al consumo de gas y electricidad, que incluye la segmentaci\u00f3n de acuerdo a los ingresos de los usuarios con una diferenciaci\u00f3n de acuerdo a la regi\u00f3n del pa\u00eds, y un tope de referencia para incentivar la eficiencia y el ahorro energ\u00e9tico.<\/p>\n\n\n\n<p>Fuentes oficiales\u00a0se\u00f1alaron que se espera\u00a0que el anuncio\u00a0se realice a las 13hrs en la sede del Ministerio de Econom\u00eda, luego de una postergaci\u00f3n que permiti\u00f3 trabajar detalles durante este fin de semana.<\/p>\n\n\n\n<p>La secretaria de Energ\u00eda, Flavia Roy\u00f3n, indic\u00f3 la semana pasada que la postergaci\u00f3n\u00a0se hab\u00eda decidido para trabajar en los detalles que permitan \u00abser lo m\u00e1s claros posible y llevar tranquilidad a la poblaci\u00f3n ya que, la actualizaci\u00f3n de tarifas ser\u00e1 en cuotas y afectar\u00e1 s\u00f3lo a los sectores de niveles adquisitivo altos\u201d, al ser consultada sobre la oficializaci\u00f3n de las nuevas tarifas de energ\u00eda.<\/p>\n\n\n\n<p>El esquema\u00a0tambi\u00e9n incluir\u00e1\u00a0especificaciones de la segmentaci\u00f3n y el tope de consumo por zona y sector, teniendo en cuenta, adem\u00e1s, factores como el clim\u00e1tico.<\/p>\n\n\n\n<p>En cuanto a los topes, \u00a0los nuevos valores\u00a0comenzar\u00e1n a\u00a0mantener la tarifa\u00a0actual en\u00a02 niveles (de menores ingresos) y 3 (de ingresos medios), pero en este \u00faltimo caso\u00a0no se admitir\u00e1n consumos superiores a 400 kWh, aunque habr\u00e1\u00a0que\u00a0determinar\u00a0si este\u00a0l\u00edmite\u00a0ser\u00e1 bimestral o mensual.<\/p>\n\n\n\n<p>\u00abTenemos la m\u00e1xima de que \u00e9sta actualizaci\u00f3n de tarifas sea por debajo del \u00edndice de coeficiente de variaci\u00f3n salarial y en cuotas\u201d, detall\u00f3 Roy\u00f3n, y subray\u00f3 que los beneficiarios de la tarifa social \u00abno van a sufrir una nueva actualizaci\u00f3n este a\u00f1o\u00bb.<\/p>\n\n\n\n<p>Explic\u00f3\u00a0La secretaria de Energ\u00eda nacional que \u00abEs s\u00f3lo una porci\u00f3n de la poblaci\u00f3n la que va a sufrir esta actualizaci\u00f3n porque es la indicaci\u00f3n del Presidente\u00bb Alberto Fern\u00e1ndez.<\/p>\n\n\n\n<p>En cuanto\u00a0al esquema de subsidios, el ministro Massa\u00a0anunci\u00f3\u00a0a\u00a0los\u00a0pocos d\u00edas de asumir el cargo que\u00a0la segmentaci\u00f3n se agregar\u00e1n topes de consumo para promover el ahorro de recursos y un sistema m\u00e1s progresivo de subsidios.<\/p>\n\n\n\n<blockquote class=\"wp-block-quote td_quote_box td_box_center is-layout-flow wp-block-quote-is-layout-flow\"><p>En ese marco, destac\u00f3 que \u00abquien menos consume o menos ingresos tiene, menos paga; quien m\u00e1s consume o m\u00e1s ingresos tiene, m\u00e1s paga\u00bb.<\/p><\/blockquote>\n\n\n\n<p class=\"has-text-align-right\"> <strong><em>Telam.-<\/em><\/strong><\/p>\n","protected":false},"excerpt":{"rendered":"<p>Incluye la segmentaci\u00f3n de acuerdo a los ingresos de los usuarios, con una diferenciaci\u00f3n de acuerdo a la regi\u00f3n del pa\u00eds y un tope de referencia para incentivar la eficiencia y el ahorro energ\u00e9tico.<\/p>\n","protected":false},"author":2,"featured_media":22383,"comment_status":"open","ping_status":"open","sticky":false,"template":"","format":"standard","meta":{"jnews-multi-image_gallery":[],"jnews_single_post":[],"jnews_primary_category":[],"jnews_social_meta":[],"jnews_review":[],"enable_review":"","type":"","name":"","summary":"","brand":"","sku":"","good":[],"bad":[],"score_override":"","override_value":"","rating":[],"price":[],"jnews_override_counter":[],"jnews_post_split":[],"footnotes":""},"categories":[61],"tags":[44,2091,615,45,2090,3817],"class_list":["post-22382","post","type-post","status-publish","format-standard","has-post-thumbnail","hentry","category-economia","tag-argentina","tag-electricidad","tag-gas","tag-noticias","tag-subsidios","tag-subsidios-al-consumo-de-energia"],"amp_enabled":true,"_links":{"self":[{"href":"https:\/\/esreviral.com\/index.php?rest_route=\/wp\/v2\/posts\/22382"}],"collection":[{"href":"https:\/\/esreviral.com\/index.php?rest_route=\/wp\/v2\/posts"}],"about":[{"href":"https:\/\/esreviral.com\/index.php?rest_route=\/wp\/v2\/types\/post"}],"author":[{"embeddable":true,"href":"https:\/\/esreviral.com\/index.php?rest_route=\/wp\/v2\/users\/2"}],"replies":[{"embeddable":true,"href":"https:\/\/esreviral.com\/index.php?rest_route=%2Fwp%2Fv2%2Fcomments&post=22382"}],"version-history":[{"count":0,"href":"https:\/\/esreviral.com\/index.php?rest_route=\/wp\/v2\/posts\/22382\/revisions"}],"wp:featuredmedia":[{"embeddable":true,"href":"https:\/\/esreviral.com\/index.php?rest_route=\/"}],"wp:attachment":[{"href":"https:\/\/esreviral.com\/index.php?rest_route=%2Fwp%2Fv2%2Fmedia&parent=22382"}],"wp:term":[{"taxonomy":"category","embeddable":true,"href":"https:\/\/esreviral.com\/index.php?rest_route=%2Fwp%2Fv2%2Fcategories&post=22382"},{"taxonomy":"post_tag","embeddable":true,"href":"https:\/\/esreviral.com\/index.php?rest_route=%2Fwp%2Fv2%2Ftags&post=22382"}],"curies":[{"name":"wp","href":"https:\/\/api.w.org\/{rel}","templated":true}]}}