{"id":22379,"date":"2022-08-15T11:46:33","date_gmt":"2022-08-15T14:46:33","guid":{"rendered":"https:\/\/esreviral.com\/?p=22379"},"modified":"2022-08-15T11:46:33","modified_gmt":"2022-08-15T14:46:33","slug":"mujeres-venezolanas-reunidas-en-panama-se-comprometieron-a-darle-visibilidad-a-la-migracion","status":"publish","type":"post","link":"https:\/\/esreviral.com\/?p=22379","title":{"rendered":"Mujeres venezolanas reunidas en Panam\u00e1 se comprometieron a darle visibilidad a la migraci\u00f3n"},"content":{"rendered":"\n<p>Veintid\u00f3s mujeres venezolanas que hoy d\u00eda residen en distintos pa\u00edses se reunieron en Panam\u00e1 en el primer encuentro regional organizado por la OIM, en el que luego de d\u00edas de discusiones y propuestas acordaron 11 puntos, entre los que destaca el apoyo y visualizaci\u00f3n a la migraci\u00f3n. <\/p>\n\n\n\n<p>Adem\u00e1s solicitar\u00e1n apoyo a organizaciones para tener mayo conocimiento de c\u00f3mo afrontar la situaci\u00f3n y establecer la Red de Lideresas de la Di\u00e1spora Venezolana, entre otros objetivos que tendr\u00e1n. <\/p>\n\n\n\n<p>Por la comunidad venezolana en Argentina, fueron Kristal Wilman de la Alianza por Venezuela y Bel\u00e9n Tovar de la Asociaci\u00f3n de Enfermeros Venezolanos en Argentina (Asoenvear). <\/p>\n\n\n\n<p>\u00abLlevamos a la mesa de este encuentro las necesidades de la comunidad venezolana en Argentina y de las asociaciones para recibir herramientas enfocadas en las realidades que nos llegan a las asociaciones d\u00f3nde participamos\u00bb, explic\u00f3 Wilman. <\/p>\n\n\n\n<p>Adem\u00e1s, reiter\u00f3 que \u00ablos resultados y el alcance no dependen de nosotras, porque necesitamos que al llegar nos escuchen y todos nos involucremos en las propuestas que podemos llevar con lo aprendido\u00bb. <\/p>\n\n\n\n<p>La declaraci\u00f3n final fue firmada por las damas que representaron a las 22 comunidades venezolanas de diversos pa\u00edses. <\/p>\n","protected":false},"excerpt":{"rendered":"<p>Por la comunidad venezolana en Argentina, fueron Kristal Wilman de la Alianza por Venezuela y Bel\u00e9n Tovar de la Asociaci\u00f3n de Enfermeros Venezolanos en Argentina (Asoenvear)<\/p>\n","protected":false},"author":2,"featured_media":22380,"comment_status":"open","ping_status":"open","sticky":false,"template":"","format":"standard","meta":{"jnews-multi-image_gallery":[],"jnews_single_post":[],"jnews_primary_category":[],"jnews_social_meta":[],"jnews_review":[],"enable_review":"","type":"","name":"","summary":"","brand":"","sku":"","good":[],"bad":[],"score_override":"","override_value":"","rating":[],"price":[],"jnews_override_counter":[],"jnews_post_split":[],"footnotes":""},"categories":[54],"tags":[45,262,67],"class_list":["post-22379","post","type-post","status-publish","format-standard","has-post-thumbnail","hentry","category-inmigracion","tag-noticias","tag-oim","tag-venezolanos-en-argentina"],"amp_enabled":true,"_links":{"self":[{"href":"https:\/\/esreviral.com\/index.php?rest_route=\/wp\/v2\/posts\/22379"}],"collection":[{"href":"https:\/\/esreviral.com\/index.php?rest_route=\/wp\/v2\/posts"}],"about":[{"href":"https:\/\/esreviral.com\/index.php?rest_route=\/wp\/v2\/types\/post"}],"author":[{"embeddable":true,"href":"https:\/\/esreviral.com\/index.php?rest_route=\/wp\/v2\/users\/2"}],"replies":[{"embeddable":true,"href":"https:\/\/esreviral.com\/index.php?rest_route=%2Fwp%2Fv2%2Fcomments&post=22379"}],"version-history":[{"count":0,"href":"https:\/\/esreviral.com\/index.php?rest_route=\/wp\/v2\/posts\/22379\/revisions"}],"wp:featuredmedia":[{"embeddable":true,"href":"https:\/\/esreviral.com\/index.php?rest_route=\/"}],"wp:attachment":[{"href":"https:\/\/esreviral.com\/index.php?rest_route=%2Fwp%2Fv2%2Fmedia&parent=22379"}],"wp:term":[{"taxonomy":"category","embeddable":true,"href":"https:\/\/esreviral.com\/index.php?rest_route=%2Fwp%2Fv2%2Fcategories&post=22379"},{"taxonomy":"post_tag","embeddable":true,"href":"https:\/\/esreviral.com\/index.php?rest_route=%2Fwp%2Fv2%2Ftags&post=22379"}],"curies":[{"name":"wp","href":"https:\/\/api.w.org\/{rel}","templated":true}]}}