{"id":22221,"date":"2022-08-11T11:49:46","date_gmt":"2022-08-11T14:49:46","guid":{"rendered":"https:\/\/esreviral.com\/?p=22221"},"modified":"2022-08-11T11:49:46","modified_gmt":"2022-08-11T14:49:46","slug":"quien-es-eulices-alvarado-el-actor-que-dijo-haber-tenido-una-relacion-con-el-interprete-de-bolivar","status":"publish","type":"post","link":"https:\/\/esreviral.com\/?p=22221","title":{"rendered":"Qui\u00e9n es Eulices Alvarado, el actor que dijo haber tenido \u00abuna relaci\u00f3n\u00bb con el interprete de Bol\u00edvar"},"content":{"rendered":"\n<p class=\"has-drop-cap\">A trav\u00e9s de sus historias de\u00a0<strong>Instagram,<\/strong>\u00a0el actor venezolano Eulices Alvarado <strong>\u00a0admiti\u00f3 ante<\/strong>\u00a0sus seguidores que\u00a0<strong>estuvo en<\/strong>\u00a0una relaci\u00f3n con el actor Jos\u00e9 Ram\u00f3n Barreto. Seg\u00fan\u00a0<strong>\u00e9l, sucedi\u00f3<\/strong>\u00a0cuando ambos eran compa\u00f1eros de\u00a0trabajo mientras actuaban en la serie juvenil A Puro Coraz\u00f3n.<\/p>\n\n\n\n<p>Sin embargo,\u00a0cuando termin\u00f3\u00a0el\u00a0proyecto,\u00a0Barreto\u00a0gener\u00f3 controversia cuando dijo\u00a0en una entrevista con Entregrados que\u00a0nunca m\u00e1s\u00a0volver\u00eda a trabajar con Eulices.<\/p>\n\n\n\n<p><strong>Por otro lado, Ulises asegura<\/strong>\u00a0que, a\u00a0<strong>diferencia de<\/strong>\u00a0las razones que\u00a0<strong>da<\/strong>\u00a0Jos\u00e9 Ram\u00f3n para no trabajar con \u00e9l, todo se trataba de un tema bastante \u00edntimo del cu\u00e1l no hablar\u00edan p\u00fablicamente. \u00a0<strong>Adem\u00e1s,<\/strong>\u00a0en las historias publicadas\u00a0<strong>en<\/strong>\u00a0la cuenta de Instagram de\u00a0<strong>Eulices,<\/strong>\u00a0explic\u00f3 que en medio de\u00a0<strong>la pol\u00e9mica desatada<\/strong>\u00a0a mediados del 2020, Jos\u00e9 Ram\u00f3n decidi\u00f3\u00a0<strong>destacar un video<\/strong>\u00a0sexual con la actriz ecuatoriana Emma Guerrero.<\/p>\n\n\n\n<p>El actor de 28 a\u00f1os de edad,\u00a0<strong>quien<\/strong>\u00a0actualmente\u00a0<strong>vive<\/strong>\u00a0en Colombia, ha participado en\u00a0<strong>varios<\/strong>\u00a0proyectos televisivos como\u00a0Enfermeras, El Grito de las Mariposas, Decisiones, y la serie con la cu\u00e1l destac\u00f3 exitosamente, A Puro Coraz\u00f3n. En este proyecto de la televisi\u00f3n venezolana, Eulices interpret\u00f3 a El\u00edas Mujica \u00abEl Gato\u00bb.<\/p>\n\n\n\n<p>Aunque el actor no\u00a0<strong>habla mucho de<\/strong>\u00a0su vida personal,\u00a0<strong>en<\/strong>\u00a0los \u00faltimos a\u00f1os se ha\u00a0<strong>centrado<\/strong>\u00a0en us proyectos a nivel internacional. <strong>Sin embargo,<\/strong>\u00a0cabe recordar que en ocasiones anteriores el actor ha confesado haber sido v\u00edctima de xenofobia tras haber emigrado a Colombia (Bogot\u00e1) hace algunos a\u00f1os, sin embargo ha logrado salir adelante a pesar de esto.<\/p>\n\n\n\n<p>Lea Tambien: <a href=\"https:\/\/esreviral.com\/2022\/08\/11\/video-actor-de-a-puro-corazon-afirma-haber-tenido-una-relacion-con-el-interprete-de-bolivar\/\" data-type=\"URL\" data-id=\"https:\/\/esreviral.com\/2022\/08\/11\/video-actor-de-a-puro-corazon-afirma-haber-tenido-una-relacion-con-el-interprete-de-bolivar\/\">(+VIDEO) Actor de A Puro Coraz\u00f3n afirma haber tenido \u00abuna relaci\u00f3n\u00bb con el interprete de Bol\u00edvar<\/a><\/p>\n\n\n\n<p class=\"has-text-align-right\"><strong><em>gossipvzla.com.-<\/em><\/strong><\/p>\n","protected":false},"excerpt":{"rendered":"<p>El actor desat\u00f3 pol\u00e9mica tras asegurar p\u00fablicamente que mantuvo una relaci\u00f3n sentimental con Jos\u00e9 Ram\u00f3n cuando eran compa\u00f1eros de trabajo<\/p>\n","protected":false},"author":2,"featured_media":22222,"comment_status":"open","ping_status":"open","sticky":false,"template":"","format":"standard","meta":{"jnews-multi-image_gallery":[],"jnews_single_post":[],"jnews_primary_category":[],"jnews_social_meta":[],"jnews_review":[],"enable_review":"","type":"","name":"","summary":"","brand":"","sku":"","good":[],"bad":[],"score_override":"","override_value":"","rating":[],"price":[],"jnews_override_counter":[],"jnews_post_split":[],"footnotes":""},"categories":[50],"tags":[3771,3772,45,1009],"class_list":["post-22221","post","type-post","status-publish","format-standard","has-post-thumbnail","hentry","category-entretenimiento","tag-eulices-alvarado","tag-jose-ramon-barreto","tag-noticias","tag-polemica"],"amp_enabled":true,"_links":{"self":[{"href":"https:\/\/esreviral.com\/index.php?rest_route=\/wp\/v2\/posts\/22221"}],"collection":[{"href":"https:\/\/esreviral.com\/index.php?rest_route=\/wp\/v2\/posts"}],"about":[{"href":"https:\/\/esreviral.com\/index.php?rest_route=\/wp\/v2\/types\/post"}],"author":[{"embeddable":true,"href":"https:\/\/esreviral.com\/index.php?rest_route=\/wp\/v2\/users\/2"}],"replies":[{"embeddable":true,"href":"https:\/\/esreviral.com\/index.php?rest_route=%2Fwp%2Fv2%2Fcomments&post=22221"}],"version-history":[{"count":0,"href":"https:\/\/esreviral.com\/index.php?rest_route=\/wp\/v2\/posts\/22221\/revisions"}],"wp:featuredmedia":[{"embeddable":true,"href":"https:\/\/esreviral.com\/index.php?rest_route=\/"}],"wp:attachment":[{"href":"https:\/\/esreviral.com\/index.php?rest_route=%2Fwp%2Fv2%2Fmedia&parent=22221"}],"wp:term":[{"taxonomy":"category","embeddable":true,"href":"https:\/\/esreviral.com\/index.php?rest_route=%2Fwp%2Fv2%2Fcategories&post=22221"},{"taxonomy":"post_tag","embeddable":true,"href":"https:\/\/esreviral.com\/index.php?rest_route=%2Fwp%2Fv2%2Ftags&post=22221"}],"curies":[{"name":"wp","href":"https:\/\/api.w.org\/{rel}","templated":true}]}}