{"id":22215,"date":"2022-08-11T11:23:29","date_gmt":"2022-08-11T14:23:29","guid":{"rendered":"https:\/\/esreviral.com\/?p=22215"},"modified":"2022-08-11T11:23:29","modified_gmt":"2022-08-11T14:23:29","slug":"enterate-cual-fue-la-tradicion-que-rompio-la-princesa-heredera-de-holanda","status":"publish","type":"post","link":"https:\/\/esreviral.com\/?p=22215","title":{"rendered":"Ent\u00e9rate cu\u00e1l fue la tradici\u00f3n que rompi\u00f3 la princesa heredera de Holanda"},"content":{"rendered":"\n<p class=\"has-drop-cap\">La decisi\u00f3n de no unirse al club de estudiantes, confirmada por la oficina de prensa del gobierno (RVD), tiene un significado especial a nivel nacional: llega dos semanas despu\u00e9s de que se filtraran\u00a0<strong>videos mis\u00f3ginos<\/strong>\u00a0grabados en una celebraci\u00f3n de esa asociaci\u00f3n de \u00c1msterdam, aunque la hija mayor de los reyes M\u00e1xima y Guillermo Alejandro\u00a0no dio a conocer los motivos por los que no se incorpora a ese club.<\/p>\n\n\n\n<p>Entre los comentarios machistas captados por la c\u00e1mara, tres miembros masculinos de la asociaci\u00f3n universitaria ASC\/AVSV (en sus siglas en neerland\u00e9s) se refieren a las mujeres como \u201cbaldes&nbsp;de semen\u201d y \u201cnada m\u00e1s que una puta\u201d, y sugieren que los hombres podr\u00edan \u201cromper el cuello de las mujeres para penetrarlas\u201d durante el evento en cuesti\u00f3n.<\/p>\n\n\n\n<p>Aunque esto ya llev\u00f3 a una serie de&nbsp;<strong>dimisiones dentro de la asociaci\u00f3n<\/strong>, hab\u00eda puesto el foco en la heredera, puesto que su plan era unirse al club al empezar sus estudios en el programa de Pol\u00edtica, Psicolog\u00eda, Derecho y Econom\u00eda (PPLE) de la Universidad de \u00c1msterdam, lo que en s\u00ed ya rompi\u00f3 con la tradici\u00f3n familiar de graduarse en Leiden.<\/p>\n\n\n\n<p><strong><span style=\"background-color:#a30003\" class=\"td_text_highlight_marker\">Lazos hist\u00f3ricos<\/span><\/strong><\/p>\n\n\n\n<p>Los Orange est\u00e1n vinculados con la Universidad de Leiden desde 1575, cuando se fund\u00f3 esta facultad: Guillermo Alejandro se licenci\u00f3 all\u00ed en Historia en 1993.<\/p>\n\n\n\n<p>La decisi\u00f3n de Amalia de no ser miembro de la ASC\/AVSV se interpret\u00f3 en Pa\u00edses Bajos como&nbsp;<strong>un posicionamiento claro en medio de un debate social contra el machismo y el acoso sexual.&nbsp;<\/strong>Pero tambi\u00e9n se ve como una tendencia a la ruptura con sus profesores: su padre, su abuela Beatriz y su bisabuela Juliana fueron miembros de una asociaci\u00f3n estudiantil.<\/p>\n\n\n\n<p>La joven estuvo&nbsp;frecuentemente en el centro de cuestiones de debate social. El a\u00f1o pasado habl\u00f3, por ejemplo, de sus visitas regulares a un psic\u00f3logo para tratar su salud mental, sobre todo \u201cdespu\u00e9s de lo que pas\u00f3\u201d con su t\u00eda, se\u00f1al\u00f3, en referencia al suicidio en 2018 de In\u00e9s, la hermana menor de su madre, M\u00e1xima.<\/p>\n\n\n\n<p>Adem\u00e1s, tras cr\u00edticas de parlamentarios a un presupuesto de la Casa Real que consideran excesivo, la princesa<strong>&nbsp;renunci\u00f3 temporalmente al sueldo anual de 300.000 euros&nbsp;<\/strong>que puede recibir al cumplir los 18 a\u00f1os, y se comprometi\u00f3 a recurrir a los otros 1,3 millones para gastos personales y material \u201csolo si incurre en altos costos\u201d por actividades oficiales.<\/p>\n\n\n\n<p>Al mismo tiempo, un libro del abogado neerland\u00e9s Peter Rehwinkel (\u201cAmalia, el deber te llama\u201d) plante\u00f3 el debate sobre la homosexualidad en la monarqu\u00eda, llevando al primer ministro, Mark Rutte, a aclarar que, si Amalia se casara eventualmente con alguien de su mismo sexo, no tendr\u00eda que renunciar al trono, a pesar de que la Constituci\u00f3n se basa en la idea de la sucesi\u00f3n hereditaria.<\/p>\n\n\n\n<p>La propia Amalia nunca habl\u00f3 p\u00fablicamente de su sexualidad, ni intervino en ese debate.<\/p>\n\n\n\n<p>Los medios neerlandeses se cuestionan ahora las decisiones de la joven que van \u201ccontra la tradici\u00f3n\u201d, aunque, seg\u00fan explic\u00f3 Rehwinkel a la televisi\u00f3n p\u00fablica NOS, la princesa solo hizo algo que el actual rey quer\u00eda hacer, pero no se atrevi\u00f3.<\/p>\n\n\n\n<p>\u201cSu padre no quer\u00eda estudiar en Leiden ni convertirse en miembro de una asociaci\u00f3n de estudiantes. Al final, hizo ambas cosas\u201d, se\u00f1al\u00f3 Rehwinkel, quien agreg\u00f3 que ahora la princesa heredera va a estudiar en \u00c1msterdam y no estar\u00e1 en una asociaci\u00f3n de estudiantes, \u201cas\u00ed que en realidad&nbsp;<strong>est\u00e1 haciendo lo que pretend\u00eda su padre<\/strong>\u201d.<\/p>\n\n\n\n<p>El experto subray\u00f3 que la futura reina de Pa\u00edses Bajos \u201cno deber\u00eda querer\u201d estar en este momento en un entorno manchado por declaraciones mis\u00f3ginas, y que su negativa a unirse a ASC\/AVSV demuestra que \u201csu antena social est\u00e1 funcionando\u201d, aunque cree que la decisi\u00f3n tambi\u00e9n involucr\u00f3 a sus padres, para evitar cr\u00edticas a la futura monarca.<\/p>\n\n\n\n<p class=\"has-text-align-right\"><strong><em>diariolarepublica.ar.-<\/em><\/strong><\/p>\n","protected":false},"excerpt":{"rendered":"<p>Amalia, la princesa heredera de Pa\u00edses Bajos, empieza este mes sus estudios universitarios en \u00c1msterdam, en lugar de Leiden, y no se sumar\u00e1 a una asociaci\u00f3n estudiantil como s\u00ed hicieron sus predecesores, una ruptura con tradiciones familiares que descoloca al pa\u00eds y se suma a su renuncia a su sueldo y su apertura sobre su salud mental.<\/p>\n","protected":false},"author":2,"featured_media":22218,"comment_status":"open","ping_status":"open","sticky":false,"template":"","format":"standard","meta":{"jnews-multi-image_gallery":[],"jnews_single_post":[],"jnews_primary_category":[],"jnews_social_meta":[],"jnews_review":[],"enable_review":"","type":"","name":"","summary":"","brand":"","sku":"","good":[],"bad":[],"score_override":"","override_value":"","rating":[],"price":[],"jnews_override_counter":[],"jnews_post_split":[],"footnotes":""},"categories":[50],"tags":[3774,249,45,1401,3775,3776],"class_list":["post-22215","post","type-post","status-publish","format-standard","has-post-thumbnail","hentry","category-entretenimiento","tag-amalia","tag-holanda","tag-noticias","tag-paises-bajos","tag-princesa-heredera-de-holanda","tag-tradiciones-familiares"],"amp_enabled":true,"_links":{"self":[{"href":"https:\/\/esreviral.com\/index.php?rest_route=\/wp\/v2\/posts\/22215"}],"collection":[{"href":"https:\/\/esreviral.com\/index.php?rest_route=\/wp\/v2\/posts"}],"about":[{"href":"https:\/\/esreviral.com\/index.php?rest_route=\/wp\/v2\/types\/post"}],"author":[{"embeddable":true,"href":"https:\/\/esreviral.com\/index.php?rest_route=\/wp\/v2\/users\/2"}],"replies":[{"embeddable":true,"href":"https:\/\/esreviral.com\/index.php?rest_route=%2Fwp%2Fv2%2Fcomments&post=22215"}],"version-history":[{"count":0,"href":"https:\/\/esreviral.com\/index.php?rest_route=\/wp\/v2\/posts\/22215\/revisions"}],"wp:featuredmedia":[{"embeddable":true,"href":"https:\/\/esreviral.com\/index.php?rest_route=\/"}],"wp:attachment":[{"href":"https:\/\/esreviral.com\/index.php?rest_route=%2Fwp%2Fv2%2Fmedia&parent=22215"}],"wp:term":[{"taxonomy":"category","embeddable":true,"href":"https:\/\/esreviral.com\/index.php?rest_route=%2Fwp%2Fv2%2Fcategories&post=22215"},{"taxonomy":"post_tag","embeddable":true,"href":"https:\/\/esreviral.com\/index.php?rest_route=%2Fwp%2Fv2%2Ftags&post=22215"}],"curies":[{"name":"wp","href":"https:\/\/api.w.org\/{rel}","templated":true}]}}