{"id":22210,"date":"2022-08-11T11:08:54","date_gmt":"2022-08-11T14:08:54","guid":{"rendered":"https:\/\/esreviral.com\/?p=22210"},"modified":"2022-08-11T11:08:54","modified_gmt":"2022-08-11T14:08:54","slug":"video-actor-de-a-puro-corazon-afirma-haber-tenido-una-relacion-con-el-interprete-de-bolivar","status":"publish","type":"post","link":"https:\/\/esreviral.com\/?p=22210","title":{"rendered":"(+VIDEO) Actor de A Puro Coraz\u00f3n afirma haber tenido \u00abuna relaci\u00f3n\u00bb con el interprete de Bol\u00edvar"},"content":{"rendered":"\n<p class=\"has-drop-cap\">A trav\u00e9s de sus historias de Instagram, el actor venezolano Eulices Alvarado explico una serie de dudas en una secci\u00f3n de preguntas, sobre&nbsp;las declaraciones que har\u00eda con respecto a su ex compa\u00f1ero laboral, Jos\u00e9 Ram\u00f3n Barreto. Cabe recordar que Eulices y Jos\u00e9 Ram\u00f3n trabajaron juntos en la serie juvenil<strong>&nbsp;A Puro Coraz\u00f3n,<\/strong>&nbsp;d\u00f3nde Eulices interpret\u00f3 a&nbsp;<em>El\u00edas Mujica \u00abEl Gato\u00bb,<\/em>&nbsp;y Jos\u00e9 Ram\u00f3n a<em>&nbsp;Alejandro Rodr\u00edguez.<\/em><\/p>\n\n\n\n<p>Uno de los seguidores de Eulices le pregunt\u00f3 sobre \u00ab\u00bfQu\u00e9 fue lo que realmente pas\u00f3 entre Jos\u00e9 Ram\u00f3n Barreto y t\u00fa?\u00bb. A lo que el actor hizo una contundente confesi\u00f3n.<\/p>\n\n\n\n<blockquote class=\"wp-block-quote td_quote_box td_box_center is-layout-flow wp-block-quote-is-layout-flow\"><p><em><strong>\u00ab\u00c9l y yo tuvimos como una relaci\u00f3n, tuvimos nuestro juj\u00fa dentro del proyecto de A Puro Coraz\u00f3n, luego terminamos tambi\u00e9n. \u00c9l en venganza hizo la entrevista, luego se le fue de las manos, todo el mundo sospech\u00f3 de lo que tra\u00edamos y para cuidarse public\u00f3 el v\u00eddeo con la actriz ecuatoriana\u00bb<\/strong>&nbsp;<\/em>explic\u00f3 Eulices, haciendo referencia al pol\u00e9mico v\u00eddeo sexual de Jos\u00e9 Ram\u00f3n con Emma Guerrero.<\/p><\/blockquote>\n\n\n\n<p>Aunque no&nbsp;precis\u00f3&nbsp;a qu\u00e9 entrevista se refer\u00eda, cabe recordar que a mediados&nbsp;de&nbsp;2020&nbsp;se produjo un ligero conflicto entre los&nbsp;actores&nbsp;despu\u00e9s&nbsp;de que Jos\u00e9 Ram\u00f3n&nbsp;admitiera&nbsp;p\u00fablicamente en&nbsp;una clase&nbsp;de Entregrados que no&nbsp;quer\u00eda&nbsp;trabajar con Eulices.<\/p>\n\n\n\n<p><em><strong>\u00abYo no puedo con la indisciplina, no puedo con la falta de seriedad, con la falta de empat\u00eda con el trabajo el equipo\u2026 Yo no volver\u00eda a trabajar, y ya te dije por qu\u00e9, con Eulices Alvarado\u00bb<\/strong>&nbsp;<\/em>explic\u00f3 Jos\u00e9 Ram\u00f3n en aquel entonces.<\/p>\n\n\n\n<p><em><strong>\u00ab\u00c9l sabe que yo no trabajo bajo esos t\u00e9rminos en los que no me entiendo, ah\u00ed no quiero nada. Y con la mediocridad yo no negocio. Es como es o no es, se acab\u00f3\u00bb<\/strong><\/em>&nbsp;agreg\u00f3.<\/p>\n\n\n\n<p>Luego de estas declaraciones, Eulices le respondi\u00f3 a Barreto continuando con la disputa.<\/p>\n\n\n\n<p><em><strong>\u00abYo estoy seguro, muy claro, que su problema no es ese el que coment\u00f3; pero&nbsp;\u00e9l, su manager y yo, sabemos cu\u00e1l es el verdadero problema, pero obviamente de eso no estar\u00edan dispuestos a hablar\u2026\u00bb<\/strong><\/em>&nbsp;relat\u00f3 Eulices a Ronda.<\/p>\n\n\n\n<p><strong><em>\u00abDespu\u00e9s de&nbsp;A puro coraz\u00f3n&nbsp;yo ten\u00eda un casting en Venevisi\u00f3n para la novela de M\u00f3nica Monta\u00f1\u00e9s, me llaman un lunes para ir al casting y el viernes me lo cancelan y yo luego me entero que \u00e9l y su manager subieron a la oficina de&nbsp;Manuel Fraiz Gris Alba para decirle que no me metiera porque seg\u00fan \u00e9l, yo era indisciplinado, que llegaba borracho, que era gay, porque ten\u00edan tema con eso y lo dijeron\u00bb<\/em>&nbsp;<\/strong>a\u00f1adi\u00f3.<\/p>\n\n\n\n<figure class=\"wp-block-video\"><video controls src=\"https:\/\/esreviral.com\/wp-content\/uploads\/2022\/08\/WhatsApp-Video-2022-08-11-at-11.02.29-AM.mp4\"><\/video><\/figure>\n\n\n\n<p>Sin embargo<strong>,<\/strong> Eulices afirm\u00f3 en ese momento que Jos\u00e9 Ram\u00f3n trataba de esconderse con su papel protag\u00f3nico en la exitosa serie de Netflix \u00abBol\u00edvar\u00bb para evitar hablar sobre un tema delicado, el cu\u00e1l podr\u00eda tratarse de la confesi\u00f3n que hizo el actor hace algunas horas. Hasta el momento, Barreto no se ha pronunciado para aclarar este asunto.<\/p>\n\n\n\n<p>Lea Tambien: <a href=\"https:\/\/esreviral.com\/2022\/08\/11\/quien-es-eulices-alvarado-el-actor-que-dijo-haber-tenido-una-relacion-con-el-interprete-de-bolivar\/\" data-type=\"URL\" data-id=\"https:\/\/esreviral.com\/2022\/08\/11\/quien-es-eulices-alvarado-el-actor-que-dijo-haber-tenido-una-relacion-con-el-interprete-de-bolivar\/\">Qui\u00e9n es Eulices Alvarado, el actor que dijo haber tenido \u00abuna relaci\u00f3n\u00bb con el interprete de Bol\u00edvar<\/a><\/p>\n\n\n\n<p class=\"has-text-align-right\"><strong><em>gossipvzla.com.-<\/em><\/strong><\/p>\n","protected":false},"excerpt":{"rendered":"<p>El actor caus\u00f3 revuelo con sus declaraciones y mencion\u00f3 el pol\u00e9mico v\u00eddeo sexual de Barreto junto a la actriz ecuatoriana Emma Guerrero<\/p>\n","protected":false},"author":2,"featured_media":22214,"comment_status":"open","ping_status":"open","sticky":false,"template":"","format":"standard","meta":{"jnews-multi-image_gallery":[],"jnews_single_post":[],"jnews_primary_category":[],"jnews_social_meta":[],"jnews_review":[],"enable_review":"","type":"","name":"","summary":"","brand":"","sku":"","good":[],"bad":[],"score_override":"","override_value":"","rating":[],"price":[],"jnews_override_counter":[],"jnews_post_split":[],"footnotes":""},"categories":[50],"tags":[2160,51,3698,3771,3772,45,3773],"class_list":["post-22210","post","type-post","status-publish","format-standard","has-post-thumbnail","hentry","category-entretenimiento","tag-declaraciones","tag-entretenimiento","tag-escandalo","tag-eulices-alvarado","tag-jose-ramon-barreto","tag-noticias","tag-relacion"],"amp_enabled":true,"_links":{"self":[{"href":"https:\/\/esreviral.com\/index.php?rest_route=\/wp\/v2\/posts\/22210"}],"collection":[{"href":"https:\/\/esreviral.com\/index.php?rest_route=\/wp\/v2\/posts"}],"about":[{"href":"https:\/\/esreviral.com\/index.php?rest_route=\/wp\/v2\/types\/post"}],"author":[{"embeddable":true,"href":"https:\/\/esreviral.com\/index.php?rest_route=\/wp\/v2\/users\/2"}],"replies":[{"embeddable":true,"href":"https:\/\/esreviral.com\/index.php?rest_route=%2Fwp%2Fv2%2Fcomments&post=22210"}],"version-history":[{"count":0,"href":"https:\/\/esreviral.com\/index.php?rest_route=\/wp\/v2\/posts\/22210\/revisions"}],"wp:featuredmedia":[{"embeddable":true,"href":"https:\/\/esreviral.com\/index.php?rest_route=\/"}],"wp:attachment":[{"href":"https:\/\/esreviral.com\/index.php?rest_route=%2Fwp%2Fv2%2Fmedia&parent=22210"}],"wp:term":[{"taxonomy":"category","embeddable":true,"href":"https:\/\/esreviral.com\/index.php?rest_route=%2Fwp%2Fv2%2Fcategories&post=22210"},{"taxonomy":"post_tag","embeddable":true,"href":"https:\/\/esreviral.com\/index.php?rest_route=%2Fwp%2Fv2%2Ftags&post=22210"}],"curies":[{"name":"wp","href":"https:\/\/api.w.org\/{rel}","templated":true}]}}