{"id":21897,"date":"2022-08-05T09:10:58","date_gmt":"2022-08-05T12:10:58","guid":{"rendered":"https:\/\/esreviral.com\/?p=21897"},"modified":"2022-08-05T09:10:58","modified_gmt":"2022-08-05T12:10:58","slug":"comenzo-la-vacunacion-anticovid-en-ninos-de-entre-6-meses-y-3-anos-en-el-pais","status":"publish","type":"post","link":"https:\/\/esreviral.com\/?p=21897","title":{"rendered":"Comenz\u00f3 la vacunaci\u00f3n anticovid en ni\u00f1os de entre 6 meses y 3 a\u00f1os en el pa\u00eds"},"content":{"rendered":"\n<p class=\"has-drop-cap\">Varias provincias comenzaron este jueves la vacunaci\u00f3n anticovid en&nbsp;<strong>ni\u00f1os desde los 6 meses a los tres a\u00f1os&nbsp;<\/strong>con diferentes estrategias coordinadas con los municipios y con capacitaci\u00f3n especial al personal de los vacunatorios para poder completar todos los grupos etarios en la campa\u00f1a nacional.<\/p>\n\n\n\n<p>La vacuna adoptada para vacunar a este grupo infantil es la&nbsp;<strong>Spikevax&nbsp;<\/strong>del laboratorio&nbsp;<strong>Moderna&nbsp;<\/strong>especialmente dise\u00f1ada para ni\u00f1os de corta edad y, seg\u00fan las autorizaciones oficiales, se aplicar\u00e1 al grupo de entre seis meses y dos a\u00f1os y 11 meses como primera dosis y como refuerzo a los que tienen entre 3 y 5 a\u00f1os.<\/p>\n\n\n\n<p>La ministra de Salud de la Naci\u00f3n,\u00a0Carla Vizzotti, confirm\u00f3 este jueves que esta campa\u00f1a est\u00e1 destinada \u00aba la \u00faltima etapa de la vida que faltaba proteger\u00bb\u00a0y, al visitar el Centro de Vacunaci\u00f3n del Hospital Garrahan, en la ciudad de Buenos Aires, remarc\u00f3 que esta vacuna \u00abva a ser muy importante para iniciar los esquemas de vacunaci\u00f3n de todos los beb\u00e9s y recibir el refuerzo o iniciar el esquema quien no lo hab\u00eda iniciado entre tres y cuatro a\u00f1os\u00bb.<\/p>\n\n\n\n<figure class=\"wp-block-image\"><a href=\"javascript:void(0);\"><img decoding=\"async\" src=\"https:\/\/www.telam.com.ar\/thumbs\/bluesteel\/advf\/imagenes\/2022\/08\/62ec472802b0c_900.jpg\" alt=\"Vizzotti encabez el inicio de la campaa de vacunacin peditrica Foto Victor Carreira\"\/><\/a><figcaption>Vizzotti encabez\u00f3 el inicio de la campa\u00f1a de vacunaci\u00f3n pedi\u00e1trica. (Foto: Victor Carreira).<\/figcaption><\/figure>\n\n\n\n<p>Vizzotti remarc\u00f3 que \u00abla recomendaci\u00f3n en los vacunatorios es aprovechar dar otras vacunas del calendario\u00bb, ya que \u00abse pueden coadministrar, se pueden dar al mismo tiempo, y aprovechar si se perdi\u00f3 una dosis. As\u00ed que con una novedad muy grande Argentina es uno de los primeros pa\u00edses en poder proteger a esta franja etaria\u00bb.<\/p>\n\n\n\n<p><strong><span style=\"background-color:#a30003\" class=\"td_text_highlight_marker\">Provincia de Buenos Aires<\/span><\/strong><\/p>\n\n\n\n<p>All\u00ed, donde\u00a0<strong>ya se implement\u00f3 el sistema de pedidos de turnos<\/strong>\u00a0para que los padres puedan solicitar la vacunaci\u00f3n para sus hijos, fuentes del Ministerio de Salud dijeron a T\u00e9lam que a partir de la semana pr\u00f3xima comenzar\u00e1n a distribuirse las citaciones para colocar la dosis pedi\u00e1trica.<\/p>\n\n\n\n<figure class=\"wp-block-embed is-type-rich is-provider-twitter wp-block-embed-twitter\"><div class=\"wp-block-embed__wrapper\">\n<blockquote class=\"twitter-tweet\" data-width=\"500\" data-dnt=\"true\"><p lang=\"es\" dir=\"ltr\">\ud83d\udce3 Informaci\u00f3n importante <a href=\"https:\/\/twitter.com\/hashtag\/VacunatePBa?src=hash&amp;ref_src=twsrc%5Etfw\">#VacunatePBa<\/a><br><br>\ud83d\udc76\ud83c\udffb\ud83d\udc76\ud83c\udffd A partir de hoy, ni\u00f1as y ni\u00f1os de entre 6 meses y 3 a\u00f1os podran ser inscriptos para iniciar su esquema de vacunaci\u00f3n contra el COVID-19, a trav\u00e9s de la app VACUNATE o en <a href=\"https:\/\/t.co\/p0rXPcZ1NM\">https:\/\/t.co\/p0rXPcZ1NM<\/a><br>Nos seguimos cuidando entre todos y todas <a href=\"https:\/\/t.co\/gMCQ6rMaTg\">pic.twitter.com\/gMCQ6rMaTg<\/a><\/p>&mdash; SaludBAP (@SaludBAP) <a href=\"https:\/\/twitter.com\/SaludBAP\/status\/1551913809681473537?ref_src=twsrc%5Etfw\">July 26, 2022<\/a><\/blockquote><script async src=\"https:\/\/platform.twitter.com\/widgets.js\" charset=\"utf-8\"><\/script>\n<\/div><\/figure>\n\n\n\n<p>En Bah\u00eda Blanca, fuentes de la Regi\u00f3n Sanitaria Primera indicaron que all\u00ed la vacunaci\u00f3n pedi\u00e1trica comenzar\u00e1 el 10 de agosto con los turnos que se distribuyan desde la aplicaci\u00f3n Buenos Aires Vacunate y explicaron que los bebes y ni\u00f1os de hasta 3 a\u00f1os ser\u00e1n inoculados \u00aben los vacunatorios municipales\u00bb, mientras los dem\u00e1s seguir\u00e1n con el esquema en las postas sanitarias de la provincia.<\/p>\n\n\n\n<p><strong><span style=\"background-color:#a30003\" class=\"td_text_highlight_marker\">C\u00f3rdoba<\/span><\/strong><\/p>\n\n\n\n<p>La campa\u00f1a de vacunaci\u00f3n pedi\u00e1trica comenz\u00f3 el martes en capital y desde este mi\u00e9rcoles se expande por las dem\u00e1s localidades provinciales con unas&nbsp;<strong>52.000 dosis de Moderna<\/strong>, seg\u00fan el Ministerio de Salud local.<\/p>\n\n\n\n<figure class=\"wp-block-image\"><a href=\"javascript:void(0);\"><img decoding=\"async\" src=\"https:\/\/www.telam.com.ar\/thumbs\/bluesteel\/advf\/imagenes\/2022\/08\/62ec3fd314def_900.jpg\" alt=\"Foto Ruben Paratore\"\/><\/a><figcaption>(Foto: Ruben Paratore).<\/figcaption><\/figure>\n\n\n\n<p>La jefa del \u00e1rea de Epidemiolog\u00eda, Laura L\u00f3pez, record\u00f3 que para la inoculaci\u00f3n en capital no se requiere inscripci\u00f3n, sino concurrir directamente a los centros de vacunaci\u00f3n habilitados, mientras en el interior deben anotarse previamente en el sitio https:\/\/ministeriodesalud.cba.gov.ar\/centros-de-vacunacion-covid-19\/.<\/p>\n\n\n\n<p><strong><span style=\"background-color:#a30003\" class=\"td_text_highlight_marker\">Corrientes<\/span><\/strong><\/p>\n\n\n\n<p>Inici\u00f3 este jueves la aplicaci\u00f3n de la vacuna pedi\u00e1trica con la misma metodolog\u00eda que se aplica para las otras edades, con d\u00edas establecidos seg\u00fan el n\u00famero de terminaci\u00f3n del Documento Nacional de Identidad y en dos centros de vacunaci\u00f3n, por la ma\u00f1ana y la tarde, anunci\u00f3 la cartera sanitaria.<\/p>\n\n\n\n<p>La directora de Epidemiolog\u00eda e Inmunizaci\u00f3n, Angelina Bobadilla, destac\u00f3&nbsp;<strong>la importancia de esta inoculaci\u00f3n pedi\u00e1trica&nbsp;<\/strong>contra el coronavirus al se\u00f1alar que los ni\u00f1os \u00absi bien desarrollan pocos s\u00edntomas o no desarrollan s\u00edntomas, pueden contagiar y es importante la vacunaci\u00f3n para cortar la cadena de transmisi\u00f3n\u00bb.<\/p>\n\n\n\n<p><strong><span style=\"background-color:#a30003\" class=\"td_text_highlight_marker\">Chubut<\/span><\/strong><\/p>\n\n\n\n<p>La jefa de Supervisi\u00f3n de Actividades Epidemiol\u00f3gicas, Daniela Carreras, confirm\u00f3 a T\u00e9lam que estaban \u00abiniciando hoy la campa\u00f1a de vacunaci\u00f3n contra la Covid19 de 6 meses a 2 a\u00f1os de edad tras la llegada de la primera remesa con\u00a0<strong>8.400 dosis de Moderna pedi\u00e1trica<\/strong>\u00ab.<\/p>\n\n\n\n<figure class=\"wp-block-embed is-type-rich is-provider-twitter wp-block-embed-twitter\"><div class=\"wp-block-embed__wrapper\">\n<blockquote class=\"twitter-tweet\" data-width=\"500\" data-dnt=\"true\"><p lang=\"es\" dir=\"ltr\"><a href=\"https:\/\/twitter.com\/hashtag\/COVID19?src=hash&amp;ref_src=twsrc%5Etfw\">#COVID19<\/a>: <a href=\"https:\/\/twitter.com\/hashtag\/CHUBUT?src=hash&amp;ref_src=twsrc%5Etfw\">#CHUBUT<\/a> INICIA ESTE JUEVES LA VACUNACI\u00d3N EN NI\u00d1OS Y NI\u00d1AS DE 6\u20e3 MESES A 2\u20e3 A\u00d1OS<br><br>\ud83c\udd97 Llegaron las primeras 8\u20e3.4\u20e30\u20e30\u20e3 dosis pedi\u00e1tricas del laboratorio <a href=\"https:\/\/twitter.com\/hashtag\/Moderna?src=hash&amp;ref_src=twsrc%5Etfw\">#Moderna<\/a> enviadas por el <a href=\"https:\/\/twitter.com\/msalnacion?ref_src=twsrc%5Etfw\">@msalnacion<\/a> <br><br>\ud83d\udc89 Poblaci\u00f3n objetivo: 22.000 ni\u00f1os y ni\u00f1as.<br>M\u00e1s info \ud83d\udc49<a href=\"https:\/\/t.co\/GHHSJmwtdM\">https:\/\/t.co\/GHHSJmwtdM<\/a> <a href=\"https:\/\/t.co\/iIxNBUQ1Pr\">pic.twitter.com\/iIxNBUQ1Pr<\/a><\/p>&mdash; SaludChubut (@saludchubut) <a href=\"https:\/\/twitter.com\/saludchubut\/status\/1554618230890692609?ref_src=twsrc%5Etfw\">August 3, 2022<\/a><\/blockquote><script async src=\"https:\/\/platform.twitter.com\/widgets.js\" charset=\"utf-8\"><\/script>\n<\/div><\/figure>\n\n\n\n<p>Y, apunt\u00f3 que \u00abla poblaci\u00f3n objetivo en esta franja etaria se estima en 22.000 ni\u00f1os y ni\u00f1as\u00bb.<\/p>\n\n\n\n<p><strong><span style=\"background-color:#a30003\" class=\"td_text_highlight_marker\">Jujuy<\/span><\/strong><\/p>\n\n\n\n<p>Tambi\u00e9n inici\u00f3 este jueves la vacunaci\u00f3n por demanda espont\u00e1nea para alcanzar a una&nbsp;<strong>poblaci\u00f3n objetivo de 21 mil ni\u00f1os<\/strong>, seg\u00fan fuentes oficiales.<\/p>\n\n\n\n<p>\u00abSe va a cubrir un sector de la poblaci\u00f3n que antes no ten\u00edamos, para lo cual se capacit\u00f3 a todo el personal y se termina de distribuir las casi 11 mil dosis pedi\u00e1tricas que recibi\u00f3 la provincia\u00bb, dijo a T\u00e9lam el ministro de Salud, Antonio Buljubasich.<\/p>\n\n\n\n<figure class=\"wp-block-image\"><a href=\"javascript:void(0);\"><img decoding=\"async\" src=\"https:\/\/www.telam.com.ar\/thumbs\/bluesteel\/advf\/imagenes\/2022\/08\/62ebf7bb8a20e_900.jpg\" alt=\"Foto Marcelo Ochoa\"\/><\/a><figcaption>(Foto: Marcelo Ochoa).<\/figcaption><\/figure>\n\n\n\n<p>Los padres deber\u00e1n concurrir a los puestos de salud, hospitales y vacunatorios para inocular sus hijos, aunque en algunos barrios habr\u00e1 aplicaci\u00f3n \u00abpuerta a puerta\u00bb.<\/p>\n\n\n\n<p><strong><span style=\"background-color:#a30003\" class=\"td_text_highlight_marker\">Tucum\u00e1n<\/span><\/strong><\/p>\n\n\n\n<p>El ministro de Salud local, Luis Medina Ru\u00edz, destac\u00f3 este jueves el comienzo \u00abde la vacunaci\u00f3n a ni\u00f1os de entre 6 meses y dos a\u00f1os cumplidos, tras el arribo a la provincia de\u00a0<strong>26.400 dosis de Moderna<\/strong>\u00ab.<\/p>\n\n\n\n<figure class=\"wp-block-embed is-type-rich is-provider-twitter wp-block-embed-twitter\"><div class=\"wp-block-embed__wrapper\">\n<blockquote class=\"twitter-tweet\" data-width=\"500\" data-dnt=\"true\"><p lang=\"es\" dir=\"ltr\">Comenzamos con la \u00faltima etapa de la campa\u00f1a de inmunizaci\u00f3n contra Covid-19 y a partir de hoy en <a href=\"https:\/\/twitter.com\/hashtag\/Tucum%C3%A1n?src=hash&amp;ref_src=twsrc%5Etfw\">#Tucum\u00e1n<\/a> podemos proteger tambi\u00e9n a los m\u00e1s peque\u00f1os de la familia. <a href=\"https:\/\/t.co\/4aW3aGo0VB\">pic.twitter.com\/4aW3aGo0VB<\/a><\/p>&mdash; Luis Medina Ruiz (@LuisMedinaRuiz4) <a href=\"https:\/\/twitter.com\/LuisMedinaRuiz4\/status\/1555262174418944002?ref_src=twsrc%5Etfw\">August 4, 2022<\/a><\/blockquote><script async src=\"https:\/\/platform.twitter.com\/widgets.js\" charset=\"utf-8\"><\/script>\n<\/div><\/figure>\n\n\n\n<p>Seg\u00fan el ministro, las vacunas \u00abestar\u00e1n disponibles de lunes a viernes, de 8 a 14, y sin turnos previos en el hospital de Ni\u00f1os, en el Kirchner, el Avellaneda, el Del Este, en Concepci\u00f3n, Aguilares, Monteros y en el Vacunatorio de la Familia\u00bb.<\/p>\n\n\n\n<p><strong>\u00abCon estas vacunas ya podemos completar todos los grupos etarios que quieran estar protegidos y prevenir una enfermedad grave\u00bb,<\/strong>&nbsp;a\u00f1adi\u00f3 el funcionario y remarc\u00f3 que \u00abson vacunas seguras, probadas a nivel mundial y vienen a protegernos, sin dudas todos los ni\u00f1os, sobre todo aquellos que tienen alguna patolog\u00eda que los hace vulnerables, deben coloc\u00e1rsela para evitar complicaciones ante un contagio\u00bb.<\/p>\n\n\n\n<p><strong><span style=\"background-color:#a30003\" class=\"td_text_highlight_marker\">Catamarca<\/span><\/strong><\/p>\n\n\n\n<p>Las autoridades sanitarias dijeron que al comenzar este jueves la vacunaci\u00f3n pedi\u00e1trica hasta el mediod\u00eda \u00abvarias personas se acercaron al Vacunatorio Central a preguntar por los requisitos\u00bb y se\u00f1alaron que la provincia recibi\u00f3&nbsp;<strong>6.000 mil dosi<\/strong>s que se aplicar\u00e1n en los laboratorios habituales de lunes a s\u00e1bado de 7:30 a 18.30.<\/p>\n\n\n\n<p><strong><span style=\"background-color:#a30003\" class=\"td_text_highlight_marker\">Tierra del Fuego<\/span><\/strong><\/p>\n\n\n\n<p>Empez\u00f3 este jueves a vacunar contra la Covid19 a ni\u00f1os y ni\u00f1as de entre seis meses y tres a\u00f1os, con el sistema de \u00ablibre demanda\u00bb dado que los ant\u00edgenos estar\u00e1n disponibles en \u00abtodos los Centros de Salud de la provincia\u00bb, dijeron voceros del Ministerio de Salud local y remarcaron que ello \u00abdemand\u00f3 un importante trabajo log\u00edstico para su distribuci\u00f3n en Ushuaia, R\u00edo Grande y Tolhuin\u00bb.<\/p>\n\n\n\n<figure class=\"wp-block-embed is-type-rich is-provider-twitter wp-block-embed-twitter\"><div class=\"wp-block-embed__wrapper\">\n<blockquote class=\"twitter-tweet\" data-width=\"500\" data-dnt=\"true\"><p lang=\"es\" dir=\"ltr\">\u2705 Es importante que te des la dosis de refuerzo de la vacuna contra el COVID-19. De esta manera extend\u00e9s la protecci\u00f3n de las dosis iniciales y evit\u00e1s formas graves de la enfermedad.<br><br>\u2139\ufe0f Mir\u00e1 los puntos de vacunaci\u00f3n en <a href=\"https:\/\/twitter.com\/hashtag\/Ushuaia?src=hash&amp;ref_src=twsrc%5Etfw\">#Ushuaia<\/a> <a href=\"https:\/\/twitter.com\/hashtag\/R%C3%ADoGrande?src=hash&amp;ref_src=twsrc%5Etfw\">#R\u00edoGrande<\/a> y <a href=\"https:\/\/twitter.com\/hashtag\/Tolhuin?src=hash&amp;ref_src=twsrc%5Etfw\">#Tolhuin<\/a> \ud83d\udc49 <a href=\"https:\/\/t.co\/ICRkV80P84\">https:\/\/t.co\/ICRkV80P84<\/a> <a href=\"https:\/\/t.co\/ky0IyWuGy4\">pic.twitter.com\/ky0IyWuGy4<\/a><\/p>&mdash; Somos ciudadanos del fin del mundo (@findelmundoar) <a href=\"https:\/\/twitter.com\/findelmundoar\/status\/1555238602715570178?ref_src=twsrc%5Etfw\">August 4, 2022<\/a><\/blockquote><script async src=\"https:\/\/platform.twitter.com\/widgets.js\" charset=\"utf-8\"><\/script>\n<\/div><\/figure>\n\n\n\n<p>La subjefa del Programa Provincial de Inmunizaciones, Ariana Benetucci, sostuvo que \u00abes fundamental que cuando lleven a los ni\u00f1os y a las ni\u00f1as a vacunarlos contra el Covid-19, se pongan al d\u00eda con las vacunas del calendario nacional\u00bb.<\/p>\n\n\n\n<p><strong>\u00abLa estrategia de prevenci\u00f3n con vacunas es la mejor manera de evitar complicaciones y hospitalizaciones por Covid&nbsp;<\/strong>en ni\u00f1os y ni\u00f1as, desde temprana edad\u00bb, aseguraron los voceros sanitarios.<\/p>\n\n\n\n<figure class=\"wp-block-image\"><a href=\"javascript:void(0);\"><img decoding=\"async\" src=\"https:\/\/www.telam.com.ar\/thumbs\/bluesteel\/advf\/imagenes\/2022\/08\/62ec3fd34ccb9_900.jpg\" alt=\"Foto Ruben Paratore\"\/><\/a><figcaption>(Foto: Ruben Paratore).<\/figcaption><\/figure>\n\n\n\n<p><strong><span style=\"background-color:#a30003\" class=\"td_text_highlight_marker\">R\u00edo Negro<\/span><\/strong><\/p>\n\n\n\n<p>Inici\u00f3 este jueves la vacunaci\u00f3n pedi\u00e1trica tras la llegada de \u00ab<strong>9.600 dosis que ya fueron distribuidas en los hospitales y centros de salud<\/strong>&nbsp;de la provincia\u00bb, informaron fuentes de la cartera sanitaria y se\u00f1alaron que cada vacunatorio diagramar\u00e1 sus jornadas en los pr\u00f3ximos d\u00edas.<\/p>\n\n\n\n<p><strong><span style=\"background-color:#a30003\" class=\"td_text_highlight_marker\">Mendoza<\/span><\/strong><\/p>\n\n\n\n<p>Dispuso iniciar este viernes la vacunaci\u00f3n con la Moderna Pedi\u00e1trica ya que, seg\u00fan la ministra de Salud, Desarrollo Social y Deportes, Ana Mar\u00eda Nadal, \u00abllegaron 28.800 dosis de esta vacuna contra Covid y se comienza a inmunizar desde el viernes 5, en centros de vacunaci\u00f3n y centros de salud\u00bb.<\/p>\n\n\n\n<p><strong><span style=\"background-color:#a30003\" class=\"td_text_highlight_marker\">Salta<\/span><\/strong><\/p>\n\n\n\n<p>Iniciar\u00e1 este viernes la vacunaci\u00f3n pedi\u00e1trica luego de que, seg\u00fan el Programa de Inmunizaciones del Ministerio de Salud P\u00fablica, la Provincia recibi\u00f3 del Gobierno nacional 22.500 vacunas que eran distribuidas en hospitales y centros de salud.<\/p>\n\n\n\n<p>La supervisora del programa de Inmunizaciones, Gabriela Chilo, indic\u00f3 que \u00abson m\u00e1s de 45 mil los ni\u00f1os que conforman esta poblaci\u00f3n\u00bb pedi\u00e1trica para iniciar su esquema vacunatorio.<\/p>\n\n\n\n<p>\u00abLas vacunas ser\u00e1n administradas a libre demanda\u00bb, acot\u00f3.<\/p>\n\n\n\n<p class=\"has-text-align-right\"><strong><em>Telam.<\/em>&#8211;<\/strong><\/p>\n","protected":false},"excerpt":{"rendered":"<p>Las autoridades de Salud sugirieron a los padres llevar el carnet de vacunaci\u00f3n de sus hijos para completar los faltantes, ya que esta vacuna pedi\u00e1trica se puede coadministrar con las del calendario nacional de vacunaci\u00f3n.<\/p>\n","protected":false},"author":2,"featured_media":21898,"comment_status":"open","ping_status":"open","sticky":false,"template":"","format":"standard","meta":{"jnews-multi-image_gallery":[],"jnews_single_post":[],"jnews_primary_category":[],"jnews_social_meta":[],"jnews_review":[],"enable_review":"","type":"","name":"","summary":"","brand":"","sku":"","good":[],"bad":[],"score_override":"","override_value":"","rating":[],"price":[],"jnews_override_counter":[],"jnews_post_split":[],"footnotes":""},"categories":[76],"tags":[3674,44,77,188,343,45,152,983],"class_list":["post-21897","post","type-post","status-publish","format-standard","has-post-thumbnail","hentry","category-coronavirus","tag-anticovid","tag-argentina","tag-coronavirus","tag-covid-19","tag-ninos","tag-noticias","tag-pandemia","tag-vacunacion"],"_links":{"self":[{"href":"https:\/\/esreviral.com\/index.php?rest_route=\/wp\/v2\/posts\/21897","targetHints":{"allow":["GET"]}}],"collection":[{"href":"https:\/\/esreviral.com\/index.php?rest_route=\/wp\/v2\/posts"}],"about":[{"href":"https:\/\/esreviral.com\/index.php?rest_route=\/wp\/v2\/types\/post"}],"author":[{"embeddable":true,"href":"https:\/\/esreviral.com\/index.php?rest_route=\/wp\/v2\/users\/2"}],"replies":[{"embeddable":true,"href":"https:\/\/esreviral.com\/index.php?rest_route=%2Fwp%2Fv2%2Fcomments&post=21897"}],"version-history":[{"count":0,"href":"https:\/\/esreviral.com\/index.php?rest_route=\/wp\/v2\/posts\/21897\/revisions"}],"wp:featuredmedia":[{"embeddable":true,"href":"https:\/\/esreviral.com\/index.php?rest_route=\/"}],"wp:attachment":[{"href":"https:\/\/esreviral.com\/index.php?rest_route=%2Fwp%2Fv2%2Fmedia&parent=21897"}],"wp:term":[{"taxonomy":"category","embeddable":true,"href":"https:\/\/esreviral.com\/index.php?rest_route=%2Fwp%2Fv2%2Fcategories&post=21897"},{"taxonomy":"post_tag","embeddable":true,"href":"https:\/\/esreviral.com\/index.php?rest_route=%2Fwp%2Fv2%2Ftags&post=21897"}],"curies":[{"name":"wp","href":"https:\/\/api.w.org\/{rel}","templated":true}]}}