{"id":21838,"date":"2022-08-04T09:55:28","date_gmt":"2022-08-04T12:55:28","guid":{"rendered":"https:\/\/esreviral.com\/?p=21838"},"modified":"2022-08-04T09:55:28","modified_gmt":"2022-08-04T12:55:28","slug":"violencia-en-rosario-siguen-los-crimenes-de-adolescentes-y-ya-suman-171-los-homicidios-en-lo-que-va-del-ano","status":"publish","type":"post","link":"https:\/\/esreviral.com\/?p=21838","title":{"rendered":"Violencia en Rosario: Siguen los cr\u00edmenes de adolescentes y ya suman 171 los homicidios en lo que va del a\u00f1o"},"content":{"rendered":"\n<p class=\"has-drop-cap\">Una adolescente de 15 a\u00f1os y un hombre de 58 fueron asesinados de m\u00faltiples balazos en dos ataques cometidos por personas armadas que dispararon desde motos contra sus viviendas de los barrios Moderno y Ludue\u00f1a, de la ciudad de Rosario, informaron hoy fuentes policiales y judiciales.<\/p>\n\n\n\n<p>Con estos dos nuevos ataques,\u00a0<strong>se eleva a 171 la cifra de v\u00edctimas de asesinatos cometidos en el Departamento Rosario en lo que va de 2022<\/strong>. En cuanto a los menores v\u00edctimas de homicidios en este conglomerado urbano, el nuevo caso se suma al\u00a0de\u00a0<strong>Lucas Vega<\/strong>, el futbolista de las inferiores de Rosario Central, de 13 a\u00f1os, baleado en Fisherton cuando estaba con su hermano y dos amigos, tambi\u00e9n adolescentes.<\/p>\n\n\n\n<p>El primero de los hechos se registr\u00f3 anoche, alrededor de las 21.30, en la calle Garz\u00f3n al 3800, del barrio Moderno, ubicado en la zona oeste de Rosario, consignaron a T\u00e9lam los voceros.<\/p>\n\n\n\n<p>Seg\u00fan la investigaci\u00f3n, una adolescente identificada como&nbsp;<strong>Zoe Romero, de 15 a\u00f1os,<\/strong>&nbsp;sali\u00f3 a la puerta de su casa respondiendo a un llamado del timbre y fue acribillada a balazos a quemarropa por hombres que se movilizaban en una moto, que escaparon a alta velocidad.<\/p>\n\n\n\n<p>La v\u00edctima fue trasladada malherida por su familiares al hospital de Emergencias, donde los m\u00e9dicos constataron que presentaba cinco impactos de bala, dos de ellos en el t\u00f3rax, otro en el abdomen y dos en la zona dorsal, detallaron los voceros.<\/p>\n\n\n\n<p>Alrededor de las 22.10 los m\u00e9dicos de ese centro asistencial informaron el fallecimiento de la adolescente debido a la gravedad de las lesiones sufridas.<\/p>\n\n\n\n<p>Los peritos de la Agencia de Investigaci\u00f3n Criminal (AIC) encontraron evidencias de al menos 10 impactos de bala que quedaron incrustados en las paredes de esa vivienda y la lindera.<\/p>\n\n\n\n<p>El hecho es investigado por la fiscal de homicidios dolosos de turno en Rosario, Gisela Paolicelli.El segundo homicidio se registr\u00f3 casi a la misma hora, alrededor de las 21.35, sobre la calle Bielsa al 6400, y Cullen, del barrio Ludue\u00f1a, ubicado en la zona noroeste de Rosario.<\/p>\n\n\n\n<p>En la vereda de su vivienda se encontraba un hombre identificado como&nbsp;<strong>Julio Alberto Sosa, de 58 a\u00f1os<\/strong>, quien fue atacado a balazos por dos hombres que le dispararon desde una moto y huyeron.<\/p>\n\n\n\n<p>Sosa cay\u00f3 malherido y fue trasladado por familiares y vecinos al hospital de Emergencias, donde los m\u00e9dicos constataron que presentaba m\u00faltiples heridas de arma de fuego que le originaron la muerte a poco de su ingreso al centro asistencial.<\/p>\n\n\n\n<p>En la escena del crimen los peritos secuestraron varias vainas servidas que fueron enviadas a peritar.El cuerpo de la v\u00edctima fue trasladado al Instituto M\u00e9dico Legal de la Unidad Regional II de Rosario para la autopsia de rigor.<\/p>\n\n\n\n<p>El hecho es investigado por el fiscal de homicidios dolosos de turno en Rosario, Adri\u00e1n Spelta, quien orden\u00f3 una serie de medidas que apuntan a determinar la mec\u00e1nica del ataque e identificar a los tiradores.<\/p>\n\n\n\n<p>Con los cr\u00edmenes de Romero y Sosa, ascienden a 171 los homicidios registrados en lo que va del a\u00f1o en el Departamento Rosario, seis de los cuales se registraron en lo que va de agosto.<\/p>\n\n\n\n<p class=\"has-text-align-right\"><em><strong>LA NACION<\/strong>.-<\/em><\/p>\n","protected":false},"excerpt":{"rendered":"<p>Una chica de 15 a\u00f1os fue acribillada por sicarios en moto cuando abri\u00f3 la puerta de su casa luego de que le tocaran el timbre; tambi\u00e9n mataron a un hombre de 58 a\u00f1os<\/p>\n","protected":false},"author":2,"featured_media":21839,"comment_status":"open","ping_status":"open","sticky":false,"template":"","format":"standard","meta":{"jnews-multi-image_gallery":[],"jnews_single_post":[],"jnews_primary_category":[],"jnews_social_meta":[],"jnews_review":[],"enable_review":"","type":"","name":"","summary":"","brand":"","sku":"","good":[],"bad":[],"score_override":"","override_value":"","rating":[],"price":[],"jnews_override_counter":[],"jnews_post_split":[],"footnotes":""},"categories":[64],"tags":[3653,3246,45,217,65,3654],"class_list":["post-21838","post","type-post","status-publish","format-standard","has-post-thumbnail","hentry","category-sucesos","tag-crimenes-de-adolescentes","tag-homicidios","tag-noticias","tag-rosario","tag-sucesos","tag-violencia-en-rosario"],"_links":{"self":[{"href":"https:\/\/esreviral.com\/index.php?rest_route=\/wp\/v2\/posts\/21838","targetHints":{"allow":["GET"]}}],"collection":[{"href":"https:\/\/esreviral.com\/index.php?rest_route=\/wp\/v2\/posts"}],"about":[{"href":"https:\/\/esreviral.com\/index.php?rest_route=\/wp\/v2\/types\/post"}],"author":[{"embeddable":true,"href":"https:\/\/esreviral.com\/index.php?rest_route=\/wp\/v2\/users\/2"}],"replies":[{"embeddable":true,"href":"https:\/\/esreviral.com\/index.php?rest_route=%2Fwp%2Fv2%2Fcomments&post=21838"}],"version-history":[{"count":0,"href":"https:\/\/esreviral.com\/index.php?rest_route=\/wp\/v2\/posts\/21838\/revisions"}],"wp:featuredmedia":[{"embeddable":true,"href":"https:\/\/esreviral.com\/index.php?rest_route=\/"}],"wp:attachment":[{"href":"https:\/\/esreviral.com\/index.php?rest_route=%2Fwp%2Fv2%2Fmedia&parent=21838"}],"wp:term":[{"taxonomy":"category","embeddable":true,"href":"https:\/\/esreviral.com\/index.php?rest_route=%2Fwp%2Fv2%2Fcategories&post=21838"},{"taxonomy":"post_tag","embeddable":true,"href":"https:\/\/esreviral.com\/index.php?rest_route=%2Fwp%2Fv2%2Ftags&post=21838"}],"curies":[{"name":"wp","href":"https:\/\/api.w.org\/{rel}","templated":true}]}}