{"id":21827,"date":"2022-08-04T09:12:56","date_gmt":"2022-08-04T12:12:56","guid":{"rendered":"https:\/\/esreviral.com\/?p=21827"},"modified":"2022-08-04T09:12:56","modified_gmt":"2022-08-04T12:12:56","slug":"el-dictador-nicolas-maduro-decreto-que-llego-la-navidad-empezando-octubre-a-venezuela","status":"publish","type":"post","link":"https:\/\/esreviral.com\/?p=21827","title":{"rendered":"Nicol\u00e1s Maduro decret\u00f3 que \u201clleg\u00f3 la navidad empezando octubre\u201d a Venezuela"},"content":{"rendered":"\n<p class=\"has-drop-cap\">Durante una alocuci\u00f3n por&nbsp;VTV, Maduro dijo que ser\u00e1n fechas de \u201crumba\u201d y \u00abcomercio\u201d. Al respecto, ratific\u00f3 que la Navidad comenzar\u00e1 por decreto dos meses antes de diciembre.<\/p>\n\n\n\n<p>\u201cPrep\u00e1rense que desde el 1 de octubre arrancan las fiestas navide\u00f1as en Venezuela\u201d, a\u00f1adi\u00f3 Maduro.<\/p>\n\n\n\n<p>Asimismo, asegur\u00f3 que buscar\u00e1 comenzar con los eventos desde este mismo mes, a casi 100 d\u00edas de diciembre. \u201cVamos a firmar el decreto para fortalecer las ferias navide\u00f1as desde agosto\u201d, agreg\u00f3.<\/p>\n\n\n\n<p>Recordemos que en el a\u00f1o 2020 Maduro \u201cadelant\u00f3\u201d la navidad, en aquella ocasi\u00f3n aleg\u00f3 que de esa forma se impulsar\u00eda la soberan\u00eda.<\/p>\n\n\n\n<p>Seguidamente, en el 2021, ratific\u00f3 la medida y afirm\u00f3 que buscaba aumentar el crecimiento econ\u00f3mico durante Navidad. \u201cLas Navidades van a comenzar en octubre. As\u00ed que preparen toda la producci\u00f3n\u201d, dijo Maduro hace aproximadamente un a\u00f1o.<\/p>\n\n\n\n<p>En este a\u00f1o, Maduro tom\u00f3 nuevamente la medida y el lema que utiliz\u00f3 fue que habr\u00e1 \u201ccomercio\u201d y \u201crumba\u201d durante esta Navidad.<\/p>\n\n\n\n<p>Cabe destacar, que ante estos anuncios de Maduro, sectores de la oposici\u00f3n aseguraron que el mandatario intenta desviar la atenci\u00f3n de la crisis que atraviesa el pa\u00eds.<\/p>\n\n\n\n<p class=\"has-text-align-right\"><em><strong>todosaho<\/strong><\/em><strong><em>ra.com.-<\/em><\/strong><\/p>\n\n\n\n<p><\/p>\n","protected":false},"excerpt":{"rendered":"<p>Nicol\u00e1s Maduro decidi\u00f3 adelantar la fecha del inicio de las fiestas de navidad al igual que en a\u00f1os anteriores. Anunci\u00f3 que las celebraciones iniciar\u00e1n el pr\u00f3ximo 1 de octubre.<\/p>\n","protected":false},"author":2,"featured_media":21828,"comment_status":"open","ping_status":"open","sticky":false,"template":"","format":"standard","meta":{"jnews-multi-image_gallery":[],"jnews_single_post":[],"jnews_primary_category":[],"jnews_social_meta":[],"jnews_review":[],"enable_review":"","type":"","name":"","summary":"","brand":"","sku":"","good":[],"bad":[],"score_override":"","override_value":"","rating":[],"price":[],"jnews_override_counter":[],"jnews_post_split":[],"footnotes":""},"categories":[66],"tags":[83,1068,45,3650,56],"class_list":["post-21827","post","type-post","status-publish","format-standard","has-post-thumbnail","hentry","category-venezuela","tag-navidad","tag-nicolas-maduro","tag-noticias","tag-octubre","tag-venezuela"],"_links":{"self":[{"href":"https:\/\/esreviral.com\/index.php?rest_route=\/wp\/v2\/posts\/21827","targetHints":{"allow":["GET"]}}],"collection":[{"href":"https:\/\/esreviral.com\/index.php?rest_route=\/wp\/v2\/posts"}],"about":[{"href":"https:\/\/esreviral.com\/index.php?rest_route=\/wp\/v2\/types\/post"}],"author":[{"embeddable":true,"href":"https:\/\/esreviral.com\/index.php?rest_route=\/wp\/v2\/users\/2"}],"replies":[{"embeddable":true,"href":"https:\/\/esreviral.com\/index.php?rest_route=%2Fwp%2Fv2%2Fcomments&post=21827"}],"version-history":[{"count":0,"href":"https:\/\/esreviral.com\/index.php?rest_route=\/wp\/v2\/posts\/21827\/revisions"}],"wp:featuredmedia":[{"embeddable":true,"href":"https:\/\/esreviral.com\/index.php?rest_route=\/"}],"wp:attachment":[{"href":"https:\/\/esreviral.com\/index.php?rest_route=%2Fwp%2Fv2%2Fmedia&parent=21827"}],"wp:term":[{"taxonomy":"category","embeddable":true,"href":"https:\/\/esreviral.com\/index.php?rest_route=%2Fwp%2Fv2%2Fcategories&post=21827"},{"taxonomy":"post_tag","embeddable":true,"href":"https:\/\/esreviral.com\/index.php?rest_route=%2Fwp%2Fv2%2Ftags&post=21827"}],"curies":[{"name":"wp","href":"https:\/\/api.w.org\/{rel}","templated":true}]}}