{"id":21792,"date":"2022-08-03T14:47:41","date_gmt":"2022-08-03T17:47:41","guid":{"rendered":"https:\/\/esreviral.com\/?p=21792"},"modified":"2022-08-03T14:47:41","modified_gmt":"2022-08-03T17:47:41","slug":"gobierno-de-chile-revelo-que-el-lider-del-tren-de-aragua-tenia-visa","status":"publish","type":"post","link":"https:\/\/esreviral.com\/?p=21792","title":{"rendered":"Gobierno de Chile revel\u00f3 que el l\u00edder del Tren de Aragua ten\u00eda visa"},"content":{"rendered":"\n<p>El subsecretario del Interior de Chile, Manuel Monsalve, revel\u00f3 que <strong>el l\u00edder del Tren de Aragua, apodado La Estrella, ingres\u00f3 a su pa\u00eds con una visa que ha cambiado desde 2017.<\/strong><\/p>\n\n\n\n<p><strong>\u201cPara derribar mitos: el principal l\u00edder del Tren de Aragua no ingres\u00f3 por un paso no habilitado, no entr\u00f3 escondido. Primero lo hizo con una visa de turista en 2017 y despu\u00e9s se le dio una temporaria en 2019\u201d, <\/strong>explic\u00f3 Monsalve, seg\u00fan declaraciones registradas por el medio\u00a0<a rel=\"noreferrer noopener\" href=\"https:\/\/www.24horas.cl\/actualidad\/nacional\/lider-del-tren-de-aragua-en-chile-tenia-visa\" target=\"_blank\"><em>24 Horas<\/em>.<\/a><\/p>\n\n\n\n<p>A pesar de eso, continu\u00f3 el funcionario, <strong>\u201clas capacidades del Estado de Chile identificaron a quienes eran integrantes de la c\u00e9lula y los tienen en la c\u00e1rcel. Queremos dar se\u00f1ales de tranquilidad de que se combate al crimen organizado y que tenemos instituciones que los est\u00e1n persiguiendo y procesando\u201d.<\/strong><\/p>\n\n\n\n<p>Subray\u00f3 que \u201clos integrantes de El Tren de Aragua que fueron imputados en marzo est\u00e1n en la c\u00e1rcel. 10 de ellos fueron conectados de manera veraz con la agrupaci\u00f3n, ten\u00edan un l\u00edder que se relacionaba directamente con el cabecilla en Venezuela, y hoy est\u00e1 en la c\u00e1rcel\u201d.<\/p>\n\n\n\n<p><strong>El mes pasado, Monsalve\u00a0<a rel=\"noreferrer noopener\" href=\"https:\/\/www.elnacional.com\/mundo\/chile-confirma-presencia-del-tren-de-aragua-en-su-territorio\/\" target=\"_blank\">confirm\u00f3<\/a>\u00a0la presencia del Tren de Aragua en Chile y advirti\u00f3 que el crimen organizado es el principal responsable de la crisis de seguridad en Am\u00e9rica Latina.<\/strong><\/p>\n\n\n\n<p>En entrevista con LUN, la autoridad asegur\u00f3 que la \u201cllegada del crimen organizado implica m\u00e1s violencia, m\u00e1s armas y m\u00e1s homicidios. El delito que antes lo comet\u00eda una persona ahora es realizado por organizaciones sofisticadas que planifican a gran escala el tr\u00e1fico de estupefacientes, de inmigrantes, la trata de personas, el contrabando o los delitos de ciberseguridad\u201d.<\/p>\n\n\n\n<p>Monsalve afirm\u00f3 que \u201cestamos en un continente violento. Am\u00e9rica Latina y Centroam\u00e9rica concentran 8% de la poblaci\u00f3n mundial, pero tiene 40% de todos los homicidios que ocurren en el mundo\u201d.<\/p>\n\n\n\n<p class=\"has-text-align-right\"><strong><em>El Nacional.-<\/em><\/strong><\/p>\n","protected":false},"excerpt":{"rendered":"<p>El mes pasado, Monsalve\u00a0confirm\u00f3\u00a0la presencia del Tren de Aragua en Chile y advirti\u00f3 que el crimen organizado es el principal responsable de la crisis de seguridad en Am\u00e9rica Latina.<\/p>\n","protected":false},"author":2,"featured_media":21793,"comment_status":"open","ping_status":"open","sticky":false,"template":"","format":"standard","meta":{"jnews-multi-image_gallery":[],"jnews_single_post":[],"jnews_primary_category":[],"jnews_social_meta":[],"jnews_review":[],"enable_review":"","type":"","name":"","summary":"","brand":"","sku":"","good":[],"bad":[],"score_override":"","override_value":"","rating":[],"price":[],"jnews_override_counter":[],"jnews_post_split":[],"footnotes":""},"categories":[88,64],"tags":[386,940,45,2638,739],"class_list":["post-21792","post","type-post","status-publish","format-standard","has-post-thumbnail","hentry","category-internacionales","category-sucesos","tag-chile","tag-inseguridad","tag-noticias","tag-tren-de-aragua","tag-venezolanos-en-chile"],"amp_enabled":true,"_links":{"self":[{"href":"https:\/\/esreviral.com\/index.php?rest_route=\/wp\/v2\/posts\/21792"}],"collection":[{"href":"https:\/\/esreviral.com\/index.php?rest_route=\/wp\/v2\/posts"}],"about":[{"href":"https:\/\/esreviral.com\/index.php?rest_route=\/wp\/v2\/types\/post"}],"author":[{"embeddable":true,"href":"https:\/\/esreviral.com\/index.php?rest_route=\/wp\/v2\/users\/2"}],"replies":[{"embeddable":true,"href":"https:\/\/esreviral.com\/index.php?rest_route=%2Fwp%2Fv2%2Fcomments&post=21792"}],"version-history":[{"count":0,"href":"https:\/\/esreviral.com\/index.php?rest_route=\/wp\/v2\/posts\/21792\/revisions"}],"wp:featuredmedia":[{"embeddable":true,"href":"https:\/\/esreviral.com\/index.php?rest_route=\/"}],"wp:attachment":[{"href":"https:\/\/esreviral.com\/index.php?rest_route=%2Fwp%2Fv2%2Fmedia&parent=21792"}],"wp:term":[{"taxonomy":"category","embeddable":true,"href":"https:\/\/esreviral.com\/index.php?rest_route=%2Fwp%2Fv2%2Fcategories&post=21792"},{"taxonomy":"post_tag","embeddable":true,"href":"https:\/\/esreviral.com\/index.php?rest_route=%2Fwp%2Fv2%2Ftags&post=21792"}],"curies":[{"name":"wp","href":"https:\/\/api.w.org\/{rel}","templated":true}]}}