{"id":21748,"date":"2022-08-03T09:04:53","date_gmt":"2022-08-03T12:04:53","guid":{"rendered":"https:\/\/esreviral.com\/?p=21748"},"modified":"2022-08-03T09:04:53","modified_gmt":"2022-08-03T12:04:53","slug":"por-tratos-crueles-detienen-al-subdirector-de-la-carcel-fenix-lara","status":"publish","type":"post","link":"https:\/\/esreviral.com\/?p=21748","title":{"rendered":"Por tratos crueles detienen al subdirector de la c\u00e1rcel F\u00e9nix Lara"},"content":{"rendered":"\n<p class=\"has-drop-cap\">Las denuncias realizadas por los familiares de las internas al&nbsp;<strong>Observatorio Venezolano de Prisiones (OVP)<\/strong>&nbsp;indicaban&nbsp;que&nbsp;fueron funcionarios del Ministerio de Servicio Penitenciario quienes agredieron a las presas, por lo que desde la organizaci\u00f3n se inst\u00f3 a realizar las investigaciones correspondientes.&nbsp;<\/p>\n\n\n\n<p>El&nbsp;<strong>OVP<\/strong>&nbsp;pudo conocer que el 27 de julio el Tribunal Penal de Primera instancia de control de Barquisimeto, a cargo de la abogada Melissa Vel\u00e1squez, Juez de Control 4, emiti\u00f3 las \u00f3rdenes de captura en contra de Juan Rafael L\u00f3pez Prieto, subdirector de F\u00e9nix Lara; Carlos Enrique&nbsp;Canaguacan, custodio penitenciario adscrito al Grupo de Respuesta Inmediata y Custodia (GRIC), y Juan Carlos Mogoll\u00f3n, custodio penitenciario, por presuntamente haber incurrido en los delitos de tratos crueles y uso indebido de arma de fuego, en contra de cuatro privadas de libertad.&nbsp;<\/p>\n\n\n\n<p>La orden lleg\u00f3 a manos de funcionarios del Destacamento 121 de la Guardia Nacional el 28 de julio y de inmediato fue ejecutada.&nbsp;<\/p>\n\n\n\n<p>De igual manera, se conoci\u00f3que este fin de semana, espec\u00edficamente el d\u00eda s\u00e1bado,\u00a0los funcionarios fueron presentados e imputados por los mencionados delitos. Trascendi\u00f3 que el subdirector Juan L\u00f3pez fue beneficiado con una medida cautelar de privaci\u00f3n de libertad con arresto domiciliario.<\/p>\n\n\n\n<figure class=\"wp-block-image size-full\"><img decoding=\"async\" src=\"https:\/\/esreviral.com\/wp-content\/uploads\/2022\/08\/fenix-Lara-1.jpeg\" alt=\"\" class=\"wp-image-21750\"\/><\/figure>\n\n\n\n<p>Por este caso fueron heridas&nbsp;cuatro reclusas, tres de ellas fueron identificadas como:&nbsp;Roxana Andreina Villarreal Rivas, de 27 a\u00f1os de edad, conocida como La Regula, quien es del estado M\u00e9rida; Carolina Casta\u00f1eda y Carolina Gonz\u00e1lez.&nbsp;<\/p>\n\n\n\n<p>El d\u00eda del hecho las mujeres fueron atendidas en la emergencia del Hospital Central Antonio Mar\u00eda de Barquisimeto y dadas de alta. Al d\u00eda siguiente y con apoyo de la familia costearon una ambulancia para trasladar nuevamente hasta el centro asistencial a Casta\u00f1eda y a Villarreal, quienes ten\u00edan las heridas m\u00e1s graves.&nbsp;<\/p>\n\n\n\n<p>Casta\u00f1eda present\u00f3 una lesi\u00f3n abierta en el brazo, mientras que Villarreal ser\u00e1 intervenida quir\u00fargicamente por un fractura en la pierna con da\u00f1os en el ligamento.<\/p>\n\n\n\n<p><strong><span style=\"background-color:#a30003\" class=\"td_text_highlight_marker\">Es un hombre violento\u00a0<\/span><\/strong><\/p>\n\n\n\n<p>Sobre la actuaci\u00f3n del subdirector de F\u00e9nix Lara, los familiares de los privados de libertad aseguraron que presuntamente es un hombre violento.&nbsp;<\/p>\n\n\n\n<p>Desde el mes de junio el equipo de&nbsp;<strong>OVP&nbsp;<\/strong>recibi\u00f3 varias denuncias sobre este funcionario, donde aseguraban que supuestamente este hombre siempre estaba armado dentro del penal, \u201camenazando y apuntando a los presos\u201d&nbsp;que se atrevieran a reclamar por sus derechos.&nbsp;<\/p>\n\n\n\n<p class=\"has-text-align-right\"><em><strong>Prensa Observatorio Venezolano de Prisiones<\/strong>.-<\/em><\/p>\n","protected":false},"excerpt":{"rendered":"<p>La noche del 24 de julio cuatro presas del anexo femenino de la Comunidad Penitenciaria F\u00e9nix Lara resultaron heridas con un arma de fuego y, por ese caso, este fin de semana apresaron a los presuntos responsables: el subdirector del penal y dos custodios penitenciarios.<\/p>\n","protected":false},"author":2,"featured_media":21749,"comment_status":"open","ping_status":"open","sticky":false,"template":"","format":"standard","meta":{"jnews-multi-image_gallery":[],"jnews_single_post":[],"jnews_primary_category":[],"jnews_social_meta":[],"jnews_review":[],"enable_review":"","type":"","name":"","summary":"","brand":"","sku":"","good":[],"bad":[],"score_override":"","override_value":"","rating":[],"price":[],"jnews_override_counter":[],"jnews_post_split":[],"footnotes":""},"categories":[66],"tags":[3610,800,45,3301,3436,56],"class_list":["post-21748","post","type-post","status-publish","format-standard","has-post-thumbnail","hentry","category-venezuela","tag-carcel-fenix-lara","tag-detencion-2","tag-noticias","tag-observatorio-venezolano-de-prisiones","tag-ovp","tag-venezuela"],"_links":{"self":[{"href":"https:\/\/esreviral.com\/index.php?rest_route=\/wp\/v2\/posts\/21748","targetHints":{"allow":["GET"]}}],"collection":[{"href":"https:\/\/esreviral.com\/index.php?rest_route=\/wp\/v2\/posts"}],"about":[{"href":"https:\/\/esreviral.com\/index.php?rest_route=\/wp\/v2\/types\/post"}],"author":[{"embeddable":true,"href":"https:\/\/esreviral.com\/index.php?rest_route=\/wp\/v2\/users\/2"}],"replies":[{"embeddable":true,"href":"https:\/\/esreviral.com\/index.php?rest_route=%2Fwp%2Fv2%2Fcomments&post=21748"}],"version-history":[{"count":0,"href":"https:\/\/esreviral.com\/index.php?rest_route=\/wp\/v2\/posts\/21748\/revisions"}],"wp:featuredmedia":[{"embeddable":true,"href":"https:\/\/esreviral.com\/index.php?rest_route=\/"}],"wp:attachment":[{"href":"https:\/\/esreviral.com\/index.php?rest_route=%2Fwp%2Fv2%2Fmedia&parent=21748"}],"wp:term":[{"taxonomy":"category","embeddable":true,"href":"https:\/\/esreviral.com\/index.php?rest_route=%2Fwp%2Fv2%2Fcategories&post=21748"},{"taxonomy":"post_tag","embeddable":true,"href":"https:\/\/esreviral.com\/index.php?rest_route=%2Fwp%2Fv2%2Ftags&post=21748"}],"curies":[{"name":"wp","href":"https:\/\/api.w.org\/{rel}","templated":true}]}}