{"id":21650,"date":"2022-08-01T11:20:39","date_gmt":"2022-08-01T14:20:39","guid":{"rendered":"https:\/\/esreviral.com\/?p=21650"},"modified":"2022-08-01T11:20:39","modified_gmt":"2022-08-01T14:20:39","slug":"la-uta-anuncio-un-paro-de-transporte-publico-para-el-martes-cuanto-durara","status":"publish","type":"post","link":"https:\/\/esreviral.com\/?p=21650","title":{"rendered":"La UTA anunci\u00f3 un paro de transporte p\u00fablico para el martes: cu\u00e1nto durar\u00e1"},"content":{"rendered":"\n<p class=\"has-drop-cap\">Una medida de protesta afectar\u00e1 el transporte p\u00fablico este martes 2 de agosto. La&nbsp;<strong>Uni\u00f3n Transviarios Automotor (UTA)<\/strong>&nbsp;anunci\u00f3 que habr\u00e1 un paro a modo de reclamo por un adelantamiento de paritarias y un incremento salarial.<\/p>\n\n\n\n<p><strong>Esto comenzar\u00e1 a las 22:00 de ma\u00f1ana y se extender\u00e1 hasta las 6:00 del mi\u00e9rcoles<\/strong>. No solo impactar\u00e1 en el \u00c1rea Metropolitana de Buenos Aires (AMBA) sino todo el pa\u00eds.<\/p>\n\n\n\n<p>En medio del\u00a0aumento\u00a0que comenz\u00f3 a regir este 1\u00b0 de agosto, la\u00a0<strong>UTA\u00a0<\/strong>expres\u00f3 en un comunicado: \u201cConocemos la realidad econ\u00f3mica que se atraviesa, pero no somos responsables de la situaci\u00f3n actual, de la inflaci\u00f3n que, mes a mes, reduce el poder de compra de los salarios\u201d.<\/p>\n\n\n\n<p>Pero como realizaron \u201cun reclamo de adelantamiento de paritarias\u201d y solicitaron \u201cun urgente incremento salarial\u201d, ante la falta de respuesta se declararon \u201cen estado de alerta y movilizaci\u00f3n, disponiendo como medida de acci\u00f3n gremial&nbsp;<strong>un paro de los servicios a partir del martes 2, en horario de 22 a 6<\/strong>\u2033.<\/p>\n\n\n\n<p>Por \u00faltimo, desde la manifestaron: \u201cLos trabajadores queremos cobrar un salario digno para poder llevar a nuestros hogares, para el sost\u00e9n de nuestras familias, el dinero por el que hemos trabajado para llegar a fin de mes como lo merecemos\u201d.<\/p>\n\n\n\n<p>Previo al\u00a0<strong>paro de la UTA<\/strong>, comenz\u00f3 a aplicarse el\u00a0aumento del 40% en el boleto del transporte p\u00fablico dentro del AMBA. Esto ya hab\u00eda sido oficializado en la resoluci\u00f3n 469\/2022 publicada en el Bolet\u00edn Oficial d\u00edas atr\u00e1s luego de la protesta de las c\u00e1maras de transporte de pasajero, pero empez\u00f3 a regir este 1\u00b0 de agosto.<\/p>\n\n\n\n<p>Con este\u00a0aumento en las tarifas\u00a0de transporte, tambi\u00e9n se renov\u00f3 el saldo negativo de la tarjeta SUBE. El mismo ahora ser\u00e1 de $100,80, lo que equivale a cuatro boletos m\u00ednimos de colectivo.<\/p>\n\n\n\n<p class=\"has-text-align-right\"><em><strong>radiomitre.cienradios.com.-<\/strong><\/em><\/p>\n","protected":false},"excerpt":{"rendered":"<p>Este martes 2 de agosto habr\u00e1 un paro anunciado por la Uni\u00f3n Transviarios Automotor (UTA). La misma afectar\u00e1 la circulaci\u00f3n de colectivos en todo el pa\u00eds.<\/p>\n","protected":false},"author":2,"featured_media":21651,"comment_status":"open","ping_status":"open","sticky":false,"template":"","format":"standard","meta":{"jnews-multi-image_gallery":[],"jnews_single_post":[],"jnews_primary_category":[],"jnews_social_meta":[],"jnews_review":[],"enable_review":"","type":"","name":"","summary":"","brand":"","sku":"","good":[],"bad":[],"score_override":"","override_value":"","rating":[],"price":[],"jnews_override_counter":[],"jnews_post_split":[],"footnotes":""},"categories":[58],"tags":[44,3573,45,1387,274,3574],"class_list":["post-21650","post","type-post","status-publish","format-standard","has-post-thumbnail","hentry","category-argentina","tag-argentina","tag-duracion","tag-noticias","tag-paro","tag-transporte-publico","tag-uta"],"amp_enabled":true,"_links":{"self":[{"href":"https:\/\/esreviral.com\/index.php?rest_route=\/wp\/v2\/posts\/21650"}],"collection":[{"href":"https:\/\/esreviral.com\/index.php?rest_route=\/wp\/v2\/posts"}],"about":[{"href":"https:\/\/esreviral.com\/index.php?rest_route=\/wp\/v2\/types\/post"}],"author":[{"embeddable":true,"href":"https:\/\/esreviral.com\/index.php?rest_route=\/wp\/v2\/users\/2"}],"replies":[{"embeddable":true,"href":"https:\/\/esreviral.com\/index.php?rest_route=%2Fwp%2Fv2%2Fcomments&post=21650"}],"version-history":[{"count":0,"href":"https:\/\/esreviral.com\/index.php?rest_route=\/wp\/v2\/posts\/21650\/revisions"}],"wp:featuredmedia":[{"embeddable":true,"href":"https:\/\/esreviral.com\/index.php?rest_route=\/"}],"wp:attachment":[{"href":"https:\/\/esreviral.com\/index.php?rest_route=%2Fwp%2Fv2%2Fmedia&parent=21650"}],"wp:term":[{"taxonomy":"category","embeddable":true,"href":"https:\/\/esreviral.com\/index.php?rest_route=%2Fwp%2Fv2%2Fcategories&post=21650"},{"taxonomy":"post_tag","embeddable":true,"href":"https:\/\/esreviral.com\/index.php?rest_route=%2Fwp%2Fv2%2Ftags&post=21650"}],"curies":[{"name":"wp","href":"https:\/\/api.w.org\/{rel}","templated":true}]}}