{"id":21514,"date":"2022-07-29T10:01:12","date_gmt":"2022-07-29T13:01:12","guid":{"rendered":"https:\/\/esreviral.com\/?p=21514"},"modified":"2022-07-29T10:01:12","modified_gmt":"2022-07-29T13:01:12","slug":"por-que-el-29-de-julio-se-celebra-el-dia-de-la-cultura-nacional","status":"publish","type":"post","link":"https:\/\/esreviral.com\/?p=21514","title":{"rendered":"\u00bfPor qu\u00e9 el 29 de julio se celebra el D\u00eda de la Cultura Nacional?"},"content":{"rendered":"\n<p class=\"has-drop-cap\">En 1982, un decreto presidencial instituy\u00f3 que&nbsp;el 29 de julio se celebra el D\u00eda de la Cultura Nacional, en conmemoraci\u00f3n de la muerte del escritor, pol\u00edtico e historiador&nbsp;<strong>Ricardo Rojas<\/strong><\/p>\n\n\n\n<p>Pas\u00f3 su infancia en&nbsp;Antaj\u00e9, una peque\u00f1a localidad de Santiago del Estero. Luego se traslad\u00f3 a&nbsp;Buenos Aires&nbsp;a proseguir su formaci\u00f3n acad\u00e9mica.<\/p>\n\n\n\n<p>En 1913 escribi\u00f3 el detallado&nbsp;<em>\u00abArchivo Capitular de Jujuy\u00bb,<\/em>&nbsp;realizado en conmemoraci\u00f3n del centenario del<strong>&nbsp;\u00c9xodo Juje\u00f1o<\/strong>.&nbsp;<\/p>\n\n\n\n<figure class=\"wp-block-image\"><img decoding=\"async\" src=\"https:\/\/www.filo.news\/export\/sites\/claro\/img\/2021\/07\/28\/gvrwmzryg4ztszlegbtdczrrmi.jpg_344325628.jpg\" alt=\"\" title=\"\"\/><\/figure>\n\n\n\n<p>Entre 1917 y 1922 escribi\u00f3&nbsp;Historia de la Literatura Argentina, compuesta cuatro mil p\u00e1ginas divididas en ocho vol\u00famenes que reci\u00e9n se terminaron de editar en 1949.<\/p>\n\n\n\n<p>Cre\u00f3 la\u00a0primera c\u00e1tedra\u00a0de\u00a0Literatura Argentina\u00a0en la Universidad de Buenos Aires y durante el gobierno de Yrigoyen ocup\u00f3 el cargo de rector en esa instituci\u00f3n.<\/p>\n\n\n\n<p>Fue&nbsp;embajador&nbsp;argentino en el Per\u00fa, gan\u00f3 distinciones como el&nbsp;<strong>Premio Nacional de Ensayo<\/strong>&nbsp;en 1923 y&nbsp;fue perseguido pol\u00edticamente y detenido en Tierra del Fuego tras el golpe de Estado de 1930.<\/p>\n\n\n\n<p>La efem\u00e9ride recuerda el d\u00eda de su fallecimiento, un 29 de julio de 1957, a los 74 a\u00f1os.&nbsp;<\/p>\n\n\n\n<p>Su casa, fue donada por su esposa al Estado Nacional y fue declarada monumento hist\u00f3rico nacional. Actualmente es un museo.<\/p>\n\n\n\n<p>Su nombre fue impuesto a calles en\u00a0C\u00f3rdoba,\u00a0Jun\u00edn (Buenos Aires),\u00a0Victoria (Buenos Aires),\u00a0San Fernando,\u00a0Mar del Plata,\u00a0Resistencia (Chaco),\u00a0Concordia (Entre R\u00edos)\u00a0y en\u00a0R\u00edo Grande (Tierra del Fuego).<\/p>\n\n\n\n<p><strong><span style=\"background-color:#a30003\" class=\"td_text_highlight_marker\">\u00bfCu\u00e1les son las costumbres argentinas, parte de nuestra cultura y folklore que m\u00e1s sorprenden a los extranjeros?<\/span><\/strong>\u00a0<\/p>\n\n\n\n<ul class=\"wp-block-list\"><li>Saludar con beso.<\/li><li>La sensualidad del Tango.<\/li><li>Juntarse con los amigos para hacer un asado.<\/li><li>El f\u00fatbol como\u00a0religi\u00f3n.<\/li><li>Compartir el mate, un ritual sagrado.<\/li><li>Hablar siempre de pol\u00edtica.<\/li><li>Las empanadas\u00a0argentinas.<\/li><li>Los alfajores.<\/li><li>La cena casi a media noche.<\/li><li>El dulce de leche.<\/li><\/ul>\n\n\n\n<p class=\"has-text-align-right\"><em><strong>F<\/strong><\/em><strong><em>ilonews.-<\/em><\/strong><\/p>\n","protected":false},"excerpt":{"rendered":"<p>Cada a\u00f1o est\u00e1 efem\u00e9ride le rinde homenaje a Ricardo Rojas, un escritor, periodista, poeta y ensayista. <\/p>\n","protected":false},"author":2,"featured_media":21515,"comment_status":"open","ping_status":"open","sticky":false,"template":"","format":"standard","meta":{"jnews-multi-image_gallery":[],"jnews_single_post":[],"jnews_primary_category":[],"jnews_social_meta":[],"jnews_review":[],"enable_review":"","type":"","name":"","summary":"","brand":"","sku":"","good":[],"bad":[],"score_override":"","override_value":"","rating":[],"price":[],"jnews_override_counter":[],"jnews_post_split":[],"footnotes":""},"categories":[43,58],"tags":[44,3530,45,3531],"class_list":["post-21514","post","type-post","status-publish","format-standard","has-post-thumbnail","hentry","category-actualidad","category-argentina","tag-argentina","tag-dia-de-la-cultura-nacional","tag-noticias","tag-ricardo-rojas"],"amp_enabled":true,"_links":{"self":[{"href":"https:\/\/esreviral.com\/index.php?rest_route=\/wp\/v2\/posts\/21514"}],"collection":[{"href":"https:\/\/esreviral.com\/index.php?rest_route=\/wp\/v2\/posts"}],"about":[{"href":"https:\/\/esreviral.com\/index.php?rest_route=\/wp\/v2\/types\/post"}],"author":[{"embeddable":true,"href":"https:\/\/esreviral.com\/index.php?rest_route=\/wp\/v2\/users\/2"}],"replies":[{"embeddable":true,"href":"https:\/\/esreviral.com\/index.php?rest_route=%2Fwp%2Fv2%2Fcomments&post=21514"}],"version-history":[{"count":0,"href":"https:\/\/esreviral.com\/index.php?rest_route=\/wp\/v2\/posts\/21514\/revisions"}],"wp:featuredmedia":[{"embeddable":true,"href":"https:\/\/esreviral.com\/index.php?rest_route=\/"}],"wp:attachment":[{"href":"https:\/\/esreviral.com\/index.php?rest_route=%2Fwp%2Fv2%2Fmedia&parent=21514"}],"wp:term":[{"taxonomy":"category","embeddable":true,"href":"https:\/\/esreviral.com\/index.php?rest_route=%2Fwp%2Fv2%2Fcategories&post=21514"},{"taxonomy":"post_tag","embeddable":true,"href":"https:\/\/esreviral.com\/index.php?rest_route=%2Fwp%2Fv2%2Ftags&post=21514"}],"curies":[{"name":"wp","href":"https:\/\/api.w.org\/{rel}","templated":true}]}}