{"id":21470,"date":"2022-07-28T18:19:25","date_gmt":"2022-07-28T21:19:25","guid":{"rendered":"https:\/\/esreviral.com\/?p=21470"},"modified":"2022-07-28T18:19:25","modified_gmt":"2022-07-28T21:19:25","slug":"sergio-massa-toma-el-poder-de-la-economia-argentina","status":"publish","type":"post","link":"https:\/\/esreviral.com\/?p=21470","title":{"rendered":"Sergio Massa toma el poder de la econom\u00eda argentina"},"content":{"rendered":"\n<p>Como se hab\u00eda comentado desde hac\u00eda unos d\u00edas, el Gobierno de Alberto Fern\u00e1ndez fusion\u00f3 una serie de ministerios del \u00e1rea econ\u00f3mica, el cual ahora estar\u00e1 a cargo de Sergio Massa, quien es el actual presidente de la C\u00e1mara de Diputados. <\/p>\n\n\n\n<p>De acuerdo con el comunicado oficial de la Casa Rosada, \u00abse unificar\u00e1n los ministerios de Econom\u00eda, Desarrollo Productivo y Agricultura, Ganader\u00eda y<br>Pesca, incluyendo adem\u00e1s las relaciones con los organismos internacionales, bilaterales y multilaterales de cr\u00e9dito\u00bb.<\/p>\n\n\n\n<p>Por otra parte, Daniel Scioli, renunci\u00f3 y volver\u00e1 a la embajada de Brasil, donde estuvo los \u00faltimos a\u00f1os. <\/p>\n\n\n\n<p>Finalmente, Silvina Batakis, fue nombrada presidenta del Banco de la Naci\u00f3n, luego de estar durante dos semanas como ministra de econom\u00eda. <\/p>\n\n\n\n<figure class=\"wp-block-image size-large\"><img decoding=\"async\" src=\"https:\/\/esreviral.com\/wp-content\/uploads\/2022\/07\/Captura-de-Pantalla-2022-07-28-a-las-19.14.05-1024x695.png\" alt=\"\" class=\"wp-image-21485\"\/><\/figure>\n\n\n\n<figure class=\"wp-block-image size-large\"><img decoding=\"async\" src=\"https:\/\/pbs.twimg.com\/media\/FYyJzbPXkAEDpsR?format=jpg&amp;name=medium\" alt=\"\"\/><\/figure>\n","protected":false},"excerpt":{"rendered":"<p>Reiteran que el nuevo ministerio estar\u00e1 a cargo de Sergio Massa, a partir de que se resuelva su alejamiento de su banca.<\/p>\n","protected":false},"author":2,"featured_media":21471,"comment_status":"open","ping_status":"open","sticky":false,"template":"","format":"standard","meta":{"jnews-multi-image_gallery":[],"jnews_single_post":[],"jnews_primary_category":[],"jnews_social_meta":[],"jnews_review":[],"enable_review":"","type":"","name":"","summary":"","brand":"","sku":"","good":[],"bad":[],"score_override":"","override_value":"","rating":[],"price":[],"jnews_override_counter":[],"jnews_post_split":[],"footnotes":""},"categories":[58],"tags":[44,45,3516],"class_list":["post-21470","post","type-post","status-publish","format-standard","has-post-thumbnail","hentry","category-argentina","tag-argentina","tag-noticias","tag-sergio-massa"],"amp_enabled":true,"_links":{"self":[{"href":"https:\/\/esreviral.com\/index.php?rest_route=\/wp\/v2\/posts\/21470"}],"collection":[{"href":"https:\/\/esreviral.com\/index.php?rest_route=\/wp\/v2\/posts"}],"about":[{"href":"https:\/\/esreviral.com\/index.php?rest_route=\/wp\/v2\/types\/post"}],"author":[{"embeddable":true,"href":"https:\/\/esreviral.com\/index.php?rest_route=\/wp\/v2\/users\/2"}],"replies":[{"embeddable":true,"href":"https:\/\/esreviral.com\/index.php?rest_route=%2Fwp%2Fv2%2Fcomments&post=21470"}],"version-history":[{"count":0,"href":"https:\/\/esreviral.com\/index.php?rest_route=\/wp\/v2\/posts\/21470\/revisions"}],"wp:featuredmedia":[{"embeddable":true,"href":"https:\/\/esreviral.com\/index.php?rest_route=\/"}],"wp:attachment":[{"href":"https:\/\/esreviral.com\/index.php?rest_route=%2Fwp%2Fv2%2Fmedia&parent=21470"}],"wp:term":[{"taxonomy":"category","embeddable":true,"href":"https:\/\/esreviral.com\/index.php?rest_route=%2Fwp%2Fv2%2Fcategories&post=21470"},{"taxonomy":"post_tag","embeddable":true,"href":"https:\/\/esreviral.com\/index.php?rest_route=%2Fwp%2Fv2%2Ftags&post=21470"}],"curies":[{"name":"wp","href":"https:\/\/api.w.org\/{rel}","templated":true}]}}