{"id":21448,"date":"2022-07-28T11:32:26","date_gmt":"2022-07-28T14:32:26","guid":{"rendered":"https:\/\/esreviral.com\/?p=21448"},"modified":"2022-07-28T11:32:26","modified_gmt":"2022-07-28T14:32:26","slug":"video-asi-suena-despecha-la-cancion-mas-esperada-de-rosalia","status":"publish","type":"post","link":"https:\/\/esreviral.com\/?p=21448","title":{"rendered":"+VIDEO: As\u00ed suena &#8216;Despech\u00e1&#8217; la canci\u00f3n m\u00e1s esperada de Rosal\u00eda"},"content":{"rendered":"\n<p class=\"has-drop-cap\">Rosal\u00eda ha lanzado este jueves\u00a0<em>Despech\u00e1<\/em>. Un tema, que no est\u00e1 incluido en\u00a0el disco\u00a0<em>Motomami<\/em>, que sin embargo se ha colado en el\u00a0<em>Motomami World Tour\u00a0<\/em>para el estupor de una fanaticada que esperaba con ansias la publicaci\u00f3n oficial de esta canci\u00f3n in\u00e9dita hasta la fecha para escucharla hasta la saciedad.Entre ellos el propio Rauw Alejandro, pareja de la artista catalana, quien le ped\u00eda que lanzara la canci\u00f3n cuanto antes visto el \u00e9xito que estaba teniendo en redes sociales como TikTok: \u00abMira, Rosal\u00eda, saca Despech\u00e1\u00bb. Y es que, a pesar de que no haya hecho p\u00fablica a trav\u00e9s de sus plataformas oficiales hasta ahora, la canci\u00f3n es un aut\u00e9ntico \u00e9xito viral.<\/p>\n\n\n\n<p>Todo ello apenas unas horas despu\u00e9s de conquistar Bizkaia con un\u00a0concierto celebrado en el Bilbao Exhibition Centre (BEC)\u00a0de Barakaldo, en el que la artista catalana confirmaba frente a sus seguidores y seguidoras la publicaci\u00f3n de esta canci\u00f3n tan esperada: \u00abSi Dios quiere, sale esta noche. Hoy sale\u00a0<em>Despech\u00e1<\/em>\u00ab. De esta manera, Rosal\u00eda se postula a dominar el verano con una canci\u00f3n que ya se hab\u00eda convertido en un aut\u00e9ntico \u00e9xito gracias a las redes sociales. Y es que, despu\u00e9s de cantarla por primera vez en el primer concierto de su nueva gira, todo el mundo estaba expectante ante una canci\u00f3n que no formaba parte de su \u00faltimo disco.<\/p>\n\n\n\n<figure class=\"wp-block-embed is-type-rich is-provider-twitter wp-block-embed-twitter\"><div class=\"wp-block-embed__wrapper\">\n<blockquote class=\"twitter-tweet\" data-width=\"500\" data-dnt=\"true\"><p lang=\"es\" dir=\"ltr\">Meraaa <a href=\"https:\/\/twitter.com\/rosalia?ref_src=twsrc%5Etfw\">@rosalia<\/a> sacaaaaaaaaaaa DESPECH\u00c0\u00c0\u00c0 :@ :@ :@ \ud83d\udd25\ud83d\udd25\ud83d\udd25\ud83d\udd25\ud83d\udc99\ud83d\udc99\ud83d\udc99\ud83c\udf79\ud83c\udf79\ud83c\udf79\ud83c\udf79\ud83c\udf08\ud83c\udf08\ud83c\udf08\ud83c\udf34\ud83c\udf34\ud83c\udf34\ud83c\udf34\ud83c\udf34<\/p>&mdash; . (@rauwalejandro) <a href=\"https:\/\/twitter.com\/rauwalejandro\/status\/1550988451826335747?ref_src=twsrc%5Etfw\">July 23, 2022<\/a><\/blockquote><script async src=\"https:\/\/platform.twitter.com\/widgets.js\" charset=\"utf-8\"><\/script>\n<\/div><\/figure>\n\n\n\n<p><strong><span style=\"background-color:#a30003\" class=\"td_text_highlight_marker\">Rosal\u00eda lanza Despech\u00e1<\/span><\/strong><\/p>\n\n\n\n<p>Dado que se trataba de una canci\u00f3n completamente in\u00e9dita, algunos de los presentes en el concierto decidieron compartir el tema a trav\u00e9s de las redes sociales. Principalmente en TikTok, donde son cada vez m\u00e1s las personas que bailan al ritmo de la veraniega\u00a0<em>Despech\u00e1<\/em>. Tras el \u00e9xito de la canci\u00f3n, Rosal\u00eda sub\u00eda un primer v\u00eddeo promocionando su nuevo tema sin hacer referencia a cuando ver\u00eda luz. No ha sido hasta varias semanas m\u00e1s tarde, cuando ya ha sido elevada a una de las canciones de verano, cuando Rosal\u00eda ha decidido publicarla en sus redes sociales.<\/p>\n\n\n\n<p>\u00bfA qu\u00e9 suena Despech\u00e1? La \u00faltima canci\u00f3n de Rosal\u00eda rompe con lo que hemos visto hasta ahora en\u00a0<em>Motomami<\/em>. Y tal vez sea por eso por lo que no ha sido incluida en el disco. El nuevo tema de la artista catalana mezcla ritmos como el pop, el R&amp;B y el reguet\u00f3n junto a otros que se asemejan al merengue. Un tema mucho menos introspectivo que los publicados durante estos \u00faltimos meses, que los seguidores y seguidoras de la catalana es mucho m\u00e1s bailable y veraniego.<\/p>\n\n\n\n<figure class=\"wp-block-embed is-type-video is-provider-youtube wp-block-embed-youtube wp-embed-aspect-16-9 wp-has-aspect-ratio\"><div class=\"wp-block-embed__wrapper\">\n<div class=\"jeg_video_container jeg_video_content\"><iframe title=\"ROSAL\u00cdA - DESPECH\u00c1 (Official Audio)\" width=\"500\" height=\"281\" src=\"https:\/\/www.youtube.com\/embed\/Y2ESxHKuSOk?feature=oembed\" frameborder=\"0\" allow=\"accelerometer; autoplay; clipboard-write; encrypted-media; gyroscope; picture-in-picture; web-share\" referrerpolicy=\"strict-origin-when-cross-origin\" allowfullscreen><\/iframe><\/div>\n<\/div><\/figure>\n\n\n\n<p class=\"has-text-align-right\"><em><strong>c<\/strong><\/em><strong><em>adenaser.com.-<\/em><\/strong><\/p>\n","protected":false},"excerpt":{"rendered":"<p>La artista ha publicado este jueves una canci\u00f3n que ya se hab\u00eda hecho popular a trav\u00e9s de las redes sociales<\/p>\n","protected":false},"author":2,"featured_media":21449,"comment_status":"open","ping_status":"open","sticky":false,"template":"","format":"standard","meta":{"jnews-multi-image_gallery":[],"jnews_single_post":[],"jnews_primary_category":[],"jnews_social_meta":[],"jnews_review":[],"enable_review":"","type":"","name":"","summary":"","brand":"","sku":"","good":[],"bad":[],"score_override":"","override_value":"","rating":[],"price":[],"jnews_override_counter":[],"jnews_post_split":[],"footnotes":""},"categories":[1142],"tags":[3509,3510,711,3511,1197,45,3512],"class_list":["post-21448","post","type-post","status-publish","format-standard","has-post-thumbnail","hentry","category-musica","tag-cancion","tag-despecha","tag-disco","tag-motomami","tag-musica-2","tag-noticias","tag-rosalia-3"],"amp_enabled":true,"_links":{"self":[{"href":"https:\/\/esreviral.com\/index.php?rest_route=\/wp\/v2\/posts\/21448"}],"collection":[{"href":"https:\/\/esreviral.com\/index.php?rest_route=\/wp\/v2\/posts"}],"about":[{"href":"https:\/\/esreviral.com\/index.php?rest_route=\/wp\/v2\/types\/post"}],"author":[{"embeddable":true,"href":"https:\/\/esreviral.com\/index.php?rest_route=\/wp\/v2\/users\/2"}],"replies":[{"embeddable":true,"href":"https:\/\/esreviral.com\/index.php?rest_route=%2Fwp%2Fv2%2Fcomments&post=21448"}],"version-history":[{"count":0,"href":"https:\/\/esreviral.com\/index.php?rest_route=\/wp\/v2\/posts\/21448\/revisions"}],"wp:featuredmedia":[{"embeddable":true,"href":"https:\/\/esreviral.com\/index.php?rest_route=\/"}],"wp:attachment":[{"href":"https:\/\/esreviral.com\/index.php?rest_route=%2Fwp%2Fv2%2Fmedia&parent=21448"}],"wp:term":[{"taxonomy":"category","embeddable":true,"href":"https:\/\/esreviral.com\/index.php?rest_route=%2Fwp%2Fv2%2Fcategories&post=21448"},{"taxonomy":"post_tag","embeddable":true,"href":"https:\/\/esreviral.com\/index.php?rest_route=%2Fwp%2Fv2%2Ftags&post=21448"}],"curies":[{"name":"wp","href":"https:\/\/api.w.org\/{rel}","templated":true}]}}