{"id":21443,"date":"2022-07-28T11:45:47","date_gmt":"2022-07-28T14:45:47","guid":{"rendered":"https:\/\/esreviral.com\/?p=21443"},"modified":"2022-07-28T11:45:47","modified_gmt":"2022-07-28T14:45:47","slug":"nina-venezolana-se-consolido-como-campeona-nacional-en-tenis-de-mesa-en-argentina","status":"publish","type":"post","link":"https:\/\/esreviral.com\/?p=21443","title":{"rendered":"Ni\u00f1a venezolana se consolid\u00f3 como campeona nacional en Tenis de Mesa en Argentina"},"content":{"rendered":"\n<p><strong><em>Carlos Iv\u00e1n Su\u00e1rez.-<\/em><\/strong> <strong>Isabella Olivarez tiene ocho a\u00f1os de edad y los \u00faltimos cinco los ha vivido en Argentina,<\/strong> porque su familia decidi\u00f3 dejar su Carora (estado Lara) natal para darle un mejor futuro a la peque\u00f1a. Lo que no imaginaron es que <strong>se convertir\u00eda en la campeona nacional en Tenis de Mesa. <\/strong><\/p>\n\n\n\n<p>\u00abHace 10 meses empez\u00f3 a practicar la disciplina en Rosario, en el club Servando Bayo. Poco a poco ha ido mejorando y en mayo particip\u00f3 en una competencia en la provincia. <strong>All\u00ed particip\u00f3 en la categor\u00eda sub 9 de caballeros porque no hab\u00edan ni\u00f1as en su categor\u00eda y a\u00fan as\u00ed gan\u00f3 tercer lugar\u00bb<\/strong>, explica emocionada su mam\u00e1, Mar\u00eda Alejandra P\u00e1ez.<\/p>\n\n\n\n<p><strong>Ese tercer puesto la clasific\u00f3 al nacional que se realiz\u00f3 en Mendoza, capital.<\/strong> En esta nueva competencia s\u00ed hab\u00edan ni\u00f1as de su categor\u00eda por lo que en la primera ronda sali\u00f3 airosa y pas\u00f3 a la semifinal donde demostr\u00f3 su talento y gan\u00f3 su pase a la gran final. <\/p>\n\n\n\n<p><strong>\u00abEn la competencia final est\u00e1bamos muy emocionados. Era adrenalina pura estar ah\u00ed viviendo cada punto a favor y en contra.<\/strong> El coraz\u00f3n se me sal\u00eda, esperando el punto ganador y emoci\u00f3n total cuando la ve\u00eda concentrada,  serena, tranquila y anotaba los puntos ganadores. Finalmente le gan\u00f3 3-0 a la local y se alz\u00f3 con el trofeo nacional\u00bb. <\/p>\n\n\n\n<figure class=\"wp-block-image size-large\"><img decoding=\"async\" src=\"https:\/\/esreviral.com\/wp-content\/uploads\/2022\/07\/WhatsApp-Image-2022-07-27-at-9.29.40-PM-1024x683.jpeg\" alt=\"\" class=\"wp-image-21451\"\/><figcaption>Isabella Olivarez P\u00e1ez, tiene 8 a\u00f1os de edad<\/figcaption><\/figure>\n\n\n\n<p>Y es que esta alegr\u00eda es doble para Jes\u00fas Olivarez, padre de la campeona, porque <strong>\u00e9l tambi\u00e9n practica el deporte y adem\u00e1s es su coach motivacional.<\/strong> <\/p>\n\n\n\n<p>\u00abHace cuatro a\u00f1os no nos plante\u00e1bamos hacer tenis de mesa. Hace un a\u00f1o empec\u00e9 yo entr\u00e9 a participar y dos meses despu\u00e9s la met\u00ed a ella y en poco tiempo es campeona nacional. <strong>Ojal\u00e1 alg\u00fan d\u00eda pueda representar a Venezuela en el exterior y ponernos bien en alto\u00bb,<\/strong> coment\u00f3 Olivarez. <\/p>\n\n\n\n<p>Jes\u00fas cuenta que de chico hab\u00eda practicado la disciplina pero amateur en Carora, <strong>\u00aben el a\u00f1o de la pandemia decidimos hacer deportes y engach\u00e9 con el tenis de mesa, nuevamente\u00bb. <\/strong><\/p>\n\n\n\n<p>Pero este talento no es casualidad en Isabella, ya que es prima del campe\u00f3n sudamericano y centroamericano de tenis de mesa, <strong>Antonio Herrera, tambi\u00e9n oriundo del estado Lara pero que actualmente vive en Suecia donde es entrenador de un equipo. <\/strong><\/p>\n\n\n\n<p><strong>\u00abCarora es una potencia en el deporte y as\u00ed como ellos hay muchos otros. Esto nos llena mucho de emoci\u00f3n porque estamos representando a nuestra ciudad en el mundo\u00bb, <\/strong>manifest\u00f3 el coach, de 36 a\u00f1os de edad. <\/p>\n\n\n\n<figure class=\"wp-block-image size-large\"><img decoding=\"async\" src=\"https:\/\/esreviral.com\/wp-content\/uploads\/2022\/07\/WhatsApp-Image-2022-07-27-at-9.29.41-PM-768x1024.jpeg\" alt=\"\" class=\"wp-image-21445\"\/><figcaption><em>Estudia 3er grado y recibe clases de ingl\u00e9s y ballet<\/em><\/figcaption><\/figure>\n\n\n\n<p><strong><span style=\"background-color:#9a1b22\" class=\"td_text_highlight_marker\">Tambi\u00e9n dobles <\/span><\/strong><\/p>\n\n\n\n<p>Isabella no s\u00f3lo particip\u00f3 individual sino que<strong> se fue en dobles categor\u00eda mixtos, donde junto a su compa\u00f1ero, lograron el tercer lugar. <\/strong><\/p>\n\n\n\n<p><strong>\u00abDe verdad que nos sentimos muy orgullosos por su logr\u00f3, fue un gran sacrific\u00f3 que hicimos para poder llevarla hasta Mendoza a que participar\u00e1, y el que se trajera el t\u00edtulo de campeona nacional\u00bb<\/strong>, dijo su mam\u00e1 Mar\u00eda Alejandra P\u00e1ez. <\/p>\n\n\n\n<figure class=\"wp-block-image size-large\"><img decoding=\"async\" src=\"https:\/\/esreviral.com\/wp-content\/uploads\/2022\/07\/WhatsApp-Image-2022-07-27-at-9.29.40-PM-1-1024x768.jpeg\" alt=\"\" class=\"wp-image-21446\"\/><figcaption>Momento en que Isabella recibi\u00f3 la medalla del tercer puesto en doble mixto<\/figcaption><\/figure>\n\n\n\n<p><strong><span style=\"background-color:#9a1b22\" class=\"td_text_highlight_marker\">La inseguridad los sac\u00f3<\/span><\/strong><\/p>\n\n\n\n<p>Los \u00faltimos dos a\u00f1os que vivieron en Venezuela fue en Caracas, donde no encontraron una vivienda digna pero lo que realmente deton\u00f3 su salida del pa\u00eds fue la inseguridad. <\/p>\n\n\n\n<p>\u00abUn d\u00eda de marchas, me encontraba en Plaza Venezuela, justo frente al CNE. A pesar de la cantidad de polic\u00edas, me robaron el celular pero para ello apuntaron en la cabeza a la ni\u00f1a y ese fue el detonante. Me dio mucho miedo por mi hija y decidimos irnos del pa\u00eds\u00bb, coment\u00f3 Olivarez. <\/p>\n\n\n\n<p>\u00c9l es licenciado en Desarrollo Humano y como no ha podido revalidar, estudi\u00f3 coach y trabaja en el \u00e1rea en Mendoza pero su cliente favorita es Isabella, \u00abella siempre necesita que se le recuerde su talento y motivarla a ir por m\u00e1s\u00bb. <\/p>\n\n\n\n<p>Entre tanto, Mariale, es ingeniera en inform\u00e1tica y consigui\u00f3 trabajo en una empresa aseguradora. Ahora la pareja vive feliz con su hija campeona y desde ya preparan al m\u00e1s peque\u00f1o de la casa que tiene s\u00f3lo a\u00f1o y medio pero que ya agarra la pelota y juega en medio de la casa. <\/p>\n\n\n\n<p>Lea tambi\u00e9n: <a href=\"https:\/\/esreviral.com\/2022\/06\/29\/venezolanos-forman-parte-del-equipo-campeon-de-tenis-de-mesa-en-buenos-aires\/\">VENEZOLANOS FORMAN PARTE DEL EQUIPO CAMPE\u00d3N DE TENIS DE MESA EN BUENOS AIRES<\/a><\/p>\n","protected":false},"excerpt":{"rendered":"<p>Tambi\u00e9n se alz\u00f3 con el tercer puesto en la categor\u00eda dobles mixtos<\/p>\n","protected":false},"author":2,"featured_media":21444,"comment_status":"open","ping_status":"open","sticky":false,"template":"","format":"standard","meta":{"jnews-multi-image_gallery":[],"jnews_single_post":[],"jnews_primary_category":[],"jnews_social_meta":[],"jnews_review":[],"enable_review":"","type":"","name":"","summary":"","brand":"","sku":"","good":[],"bad":[],"score_override":"","override_value":"","rating":[],"price":[],"jnews_override_counter":[],"jnews_post_split":[],"footnotes":""},"categories":[48,54],"tags":[44,45,67,1419,3508],"class_list":["post-21443","post","type-post","status-publish","format-standard","has-post-thumbnail","hentry","category-deportes","category-inmigracion","tag-argentina","tag-noticias","tag-venezolanos-en-argentina","tag-venezolanos-en-mendoza","tag-venezolanos-en-rosario"],"amp_enabled":true,"_links":{"self":[{"href":"https:\/\/esreviral.com\/index.php?rest_route=\/wp\/v2\/posts\/21443"}],"collection":[{"href":"https:\/\/esreviral.com\/index.php?rest_route=\/wp\/v2\/posts"}],"about":[{"href":"https:\/\/esreviral.com\/index.php?rest_route=\/wp\/v2\/types\/post"}],"author":[{"embeddable":true,"href":"https:\/\/esreviral.com\/index.php?rest_route=\/wp\/v2\/users\/2"}],"replies":[{"embeddable":true,"href":"https:\/\/esreviral.com\/index.php?rest_route=%2Fwp%2Fv2%2Fcomments&post=21443"}],"version-history":[{"count":0,"href":"https:\/\/esreviral.com\/index.php?rest_route=\/wp\/v2\/posts\/21443\/revisions"}],"wp:featuredmedia":[{"embeddable":true,"href":"https:\/\/esreviral.com\/index.php?rest_route=\/"}],"wp:attachment":[{"href":"https:\/\/esreviral.com\/index.php?rest_route=%2Fwp%2Fv2%2Fmedia&parent=21443"}],"wp:term":[{"taxonomy":"category","embeddable":true,"href":"https:\/\/esreviral.com\/index.php?rest_route=%2Fwp%2Fv2%2Fcategories&post=21443"},{"taxonomy":"post_tag","embeddable":true,"href":"https:\/\/esreviral.com\/index.php?rest_route=%2Fwp%2Fv2%2Ftags&post=21443"}],"curies":[{"name":"wp","href":"https:\/\/api.w.org\/{rel}","templated":true}]}}