{"id":21437,"date":"2022-07-28T10:31:00","date_gmt":"2022-07-28T13:31:00","guid":{"rendered":"https:\/\/esreviral.com\/?p=21437"},"modified":"2022-07-28T10:31:00","modified_gmt":"2022-07-28T13:31:00","slug":"fallecio-vicerrector-academico-de-la-ucv","status":"publish","type":"post","link":"https:\/\/esreviral.com\/?p=21437","title":{"rendered":"Falleci\u00f3 vicerrector acad\u00e9mico de la UCV"},"content":{"rendered":"\n<p class=\"has-drop-cap\"><strong>Bianco Colmenares<\/strong>&nbsp;fue fundador del Instituto de Inmunolog\u00eda, adscrito a la Facultad de Medicina.<\/p>\n\n\n\n<p>De profesi\u00f3n, m\u00e9dico-cirujano, egresado de la UCV en 1966, profesor titular y conciderado uno de los investigadores cient\u00edficos m\u00e1s importantes de nuestro pa\u00eds.<\/p>\n\n\n\n<figure class=\"wp-block-embed aligncenter is-type-rich is-provider-twitter wp-block-embed-twitter\"><div class=\"wp-block-embed__wrapper\">\n<blockquote class=\"twitter-tweet\" data-width=\"500\" data-dnt=\"true\"><p lang=\"es\" dir=\"ltr\">Lamento informar que hoy mi\u00e9rcoles falleci\u00f3 nuestro Vicerrector Acad\u00e9mico Dr Nicolas Bianco Colmenares.<br>Una gran perdida para la Universidad y el Pa\u00eds.<\/p>&mdash; Cecilia Garcia-Arocha (@GarciaArochaC) <a href=\"https:\/\/twitter.com\/GarciaArochaC\/status\/1552517298312941568?ref_src=twsrc%5Etfw\">July 28, 2022<\/a><\/blockquote><script async src=\"https:\/\/platform.twitter.com\/widgets.js\" charset=\"utf-8\"><\/script>\n<\/div><\/figure>\n\n\n\n<p class=\"has-text-align-right\"><em><strong>unionradio.net.<\/strong><\/em>&#8211;<\/p>\n","protected":false},"excerpt":{"rendered":"<p>Este mi\u00e9rcoles falleci\u00f3 el vicerrector acad\u00e9mico de la Universidad Central de Venezuela el doctor Nicol\u00e1s Bianco Colmenares a sus 79 a\u00f1os.<\/p>\n","protected":false},"author":2,"featured_media":21439,"comment_status":"open","ping_status":"open","sticky":false,"template":"","format":"standard","meta":{"jnews-multi-image_gallery":[],"jnews_single_post":[],"jnews_primary_category":[],"jnews_social_meta":[],"jnews_review":[],"enable_review":"","type":"","name":"","summary":"","brand":"","sku":"","good":[],"bad":[],"score_override":"","override_value":"","rating":[],"price":[],"jnews_override_counter":[],"jnews_post_split":[],"footnotes":""},"categories":[66],"tags":[3505,3506,45,284,56,3507],"class_list":["post-21437","post","type-post","status-publish","format-standard","has-post-thumbnail","hentry","category-venezuela","tag-bianco-colmenares","tag-dr","tag-noticias","tag-ucv","tag-venezuela","tag-vicerrector-academico"],"amp_enabled":true,"_links":{"self":[{"href":"https:\/\/esreviral.com\/index.php?rest_route=\/wp\/v2\/posts\/21437"}],"collection":[{"href":"https:\/\/esreviral.com\/index.php?rest_route=\/wp\/v2\/posts"}],"about":[{"href":"https:\/\/esreviral.com\/index.php?rest_route=\/wp\/v2\/types\/post"}],"author":[{"embeddable":true,"href":"https:\/\/esreviral.com\/index.php?rest_route=\/wp\/v2\/users\/2"}],"replies":[{"embeddable":true,"href":"https:\/\/esreviral.com\/index.php?rest_route=%2Fwp%2Fv2%2Fcomments&post=21437"}],"version-history":[{"count":0,"href":"https:\/\/esreviral.com\/index.php?rest_route=\/wp\/v2\/posts\/21437\/revisions"}],"wp:featuredmedia":[{"embeddable":true,"href":"https:\/\/esreviral.com\/index.php?rest_route=\/"}],"wp:attachment":[{"href":"https:\/\/esreviral.com\/index.php?rest_route=%2Fwp%2Fv2%2Fmedia&parent=21437"}],"wp:term":[{"taxonomy":"category","embeddable":true,"href":"https:\/\/esreviral.com\/index.php?rest_route=%2Fwp%2Fv2%2Fcategories&post=21437"},{"taxonomy":"post_tag","embeddable":true,"href":"https:\/\/esreviral.com\/index.php?rest_route=%2Fwp%2Fv2%2Ftags&post=21437"}],"curies":[{"name":"wp","href":"https:\/\/api.w.org\/{rel}","templated":true}]}}