{"id":21436,"date":"2022-07-28T10:28:26","date_gmt":"2022-07-28T13:28:26","guid":{"rendered":"https:\/\/esreviral.com\/?p=21436"},"modified":"2022-07-28T10:28:26","modified_gmt":"2022-07-28T13:28:26","slug":"28jul-la-fecha-que-une-a-chavez-y-guaido","status":"publish","type":"post","link":"https:\/\/esreviral.com\/?p=21436","title":{"rendered":"#28jul la fecha que une a Ch\u00e1vez y Guaid\u00f3"},"content":{"rendered":"\n<p>Este 28 de julio, Hugo Rafael Ch\u00e1vez Fr\u00edas estuviese cumpliendo 68 a\u00f1os de edad, fue presidente de la Rep\u00fablica Boliviana de Venezuela hasta el a\u00f1o 2013 cuando falleci\u00f3 el 5 de marzo. <\/p>\n\n\n\n<p>Esta fecha de nacimiento lo une a otro pol\u00edtico venezolano, quien se autodeclar\u00f3 presidente interino de Venezuela y fue reconocido por 60 pa\u00edses, Juan Gerardo Antonio Guaid\u00f3 M\u00e1rquez, quien est\u00e1 cumpliendo 39 a\u00f1os de edad. <\/p>\n\n\n\n<p>De pensamientos ideol\u00f3gicos distintos y una lucha de poder igual, como el d\u00eda de su nacimiento. <\/p>\n\n\n\n<p>Para esta fecha, diversos alcaldes y gobernadores de Venezuela han anunciado una festividad en honor al natalicio del l\u00edder de la revoluci\u00f3n, mientras que por parte de la oposici\u00f3n no se han escuchado celebraciones p\u00fablicas por el cumplea\u00f1os de su presidente. <\/p>\n","protected":false},"excerpt":{"rendered":"<p>Ch\u00e1vez cumplir\u00eda 68 a\u00f1os mientras que Guaid\u00f3 cumple 39<\/p>\n","protected":false},"author":2,"featured_media":21438,"comment_status":"open","ping_status":"open","sticky":false,"template":"","format":"standard","meta":{"jnews-multi-image_gallery":[],"jnews_single_post":[],"jnews_primary_category":[],"jnews_social_meta":[],"jnews_review":[],"enable_review":"","type":"","name":"","summary":"","brand":"","sku":"","good":[],"bad":[],"score_override":"","override_value":"","rating":[],"price":[],"jnews_override_counter":[],"jnews_post_split":[],"footnotes":""},"categories":[66],"tags":[346,176,1489,56],"class_list":["post-21436","post","type-post","status-publish","format-standard","has-post-thumbnail","hentry","category-venezuela","tag-chavez","tag-cumpleanos","tag-guaido-2","tag-venezuela"],"amp_enabled":true,"_links":{"self":[{"href":"https:\/\/esreviral.com\/index.php?rest_route=\/wp\/v2\/posts\/21436"}],"collection":[{"href":"https:\/\/esreviral.com\/index.php?rest_route=\/wp\/v2\/posts"}],"about":[{"href":"https:\/\/esreviral.com\/index.php?rest_route=\/wp\/v2\/types\/post"}],"author":[{"embeddable":true,"href":"https:\/\/esreviral.com\/index.php?rest_route=\/wp\/v2\/users\/2"}],"replies":[{"embeddable":true,"href":"https:\/\/esreviral.com\/index.php?rest_route=%2Fwp%2Fv2%2Fcomments&post=21436"}],"version-history":[{"count":0,"href":"https:\/\/esreviral.com\/index.php?rest_route=\/wp\/v2\/posts\/21436\/revisions"}],"wp:featuredmedia":[{"embeddable":true,"href":"https:\/\/esreviral.com\/index.php?rest_route=\/"}],"wp:attachment":[{"href":"https:\/\/esreviral.com\/index.php?rest_route=%2Fwp%2Fv2%2Fmedia&parent=21436"}],"wp:term":[{"taxonomy":"category","embeddable":true,"href":"https:\/\/esreviral.com\/index.php?rest_route=%2Fwp%2Fv2%2Fcategories&post=21436"},{"taxonomy":"post_tag","embeddable":true,"href":"https:\/\/esreviral.com\/index.php?rest_route=%2Fwp%2Fv2%2Ftags&post=21436"}],"curies":[{"name":"wp","href":"https:\/\/api.w.org\/{rel}","templated":true}]}}