{"id":21380,"date":"2022-07-27T13:44:36","date_gmt":"2022-07-27T16:44:36","guid":{"rendered":"https:\/\/esreviral.com\/?p=21380"},"modified":"2022-07-27T13:44:36","modified_gmt":"2022-07-27T16:44:36","slug":"estos-son-los-presidentes-latinos-que-asistiran-a-la-toma-de-poder-de-petro-en-colombia","status":"publish","type":"post","link":"https:\/\/esreviral.com\/?p=21380","title":{"rendered":"Estos son los presidentes latinos que asistir\u00e1n a la toma de poder de Petro en Colombia"},"content":{"rendered":"\n<p class=\"has-drop-cap\">Restan menos de dos semanas para la posesi\u00f3n del\u00a0presidente electo, Gustavo Petro, que se llevar\u00e1 a cabo el 7 de agosto.<\/p>\n\n\n\n<p>Para esta ceremonia, tradicionalmente,&nbsp;se re\u00fanen los presidentes y l\u00edderes de pa\u00edses aliados para presenciar el acto de juramentaci\u00f3n del nuevo mandatario de Colombia.<\/p>\n\n\n\n<p>Seg\u00fan confirm\u00f3 el comit\u00e9 organizador de la posesi\u00f3n, ya son varios los nombres confirmados que visitar\u00e1n el pa\u00eds.<\/p>\n\n\n\n<p><strong><span style=\"background-color:#a30003\" class=\"td_text_highlight_marker\">Lista de presidentes confirmados en la posesi\u00f3n de Petro<\/span><\/strong><\/p>\n\n\n\n<p>Entre ellos se encuentran distintos presidentes de Sudam\u00e9rica, entre ellos est\u00e1 el de Chile, Gabriel Boric; el de Per\u00fa, Pedro Castillo; el de Ecuador, Guillermo Lasso; el de Paraguay, Mario Abdo Ben\u00edtez; el de Bolivia, Luis Arce; y el de Argentina, Alberto Fern\u00e1ndez.<\/p>\n\n\n\n<p>De Centroam\u00e9rica asistir\u00e1n los presidentes de Panam\u00e1, Laurentino Cortizo; Rep\u00fablica Dominicana, Luis Abinader; Honduras, Xiomara Castro; y Costa Rica, Rodrigo Chaves.<\/p>\n\n\n\n<p>Asimismo, se confirm\u00f3 que la posesi\u00f3n contar\u00e1 con la presencia del rey Felipe VI de Espa\u00f1a.&nbsp;A\u00fan se desconoce si ir\u00e1 acompa\u00f1ado del presidente de ese pa\u00eds, Pedro S\u00e1nchez.<\/p>\n\n\n\n<p>Para casos como El Salvador, se conoci\u00f3 que asistir\u00e1 el vicepresidente F\u00e9lix Ulloa Jr. y no el mandatario Nayib Bukele. De igual manera, se espera que de M\u00e9xico env\u00eden a la primera dama, Beatriz Guti\u00e9rrez.<\/p>\n\n\n\n<p>Por parte de EE UU, revel\u00f3&nbsp;<em>El Tiempo<\/em>&nbsp;la semana pasada, estar\u00e1 Samantha Power, directora de la Agencia Internacional para el Desarrollo (Usaid), quien encabezar\u00e1 la delegaci\u00f3n enviada por Joe Biden para la posesi\u00f3n presidencial.<\/p>\n\n\n\n<p><strong><span style=\"background-color:#a30003\" class=\"td_text_highlight_marker\">Posibles ausentes<\/span><\/strong><\/p>\n\n\n\n<p>El presidente Iv\u00e1n Duque ya hab\u00eda dado a conocer que, al ser \u00e9l el organizador del evento, no invitar\u00eda a Nicol\u00e1s Maduro, que se suma a algunas ausencias como la del presidente de Nicaragua, Daniel Ortega; y la del presidente cubano, Miguel D\u00edaz-Canel. Este \u00faltimo, sin embargo, enviar\u00e1 a su canciller, en la l\u00ednea de otros pa\u00edses como Portugal y Serbia.<\/p>\n\n\n\n<p>Uno de los grandes ausentes ser\u00eda Brasil, con Jair Bolsonaro como presidente, quien a\u00fan no ha confirmado si asistir\u00e1 o si al menos enviar\u00e1 una comitiva en su nombre.&nbsp;Esto luego de haber criticado a Petro en diversas ocasiones. Tras su triunfo en junio, de hecho, sostuvo que por su culpa miles de colombianos se ir\u00edan del pa\u00eds.<\/p>\n\n\n\n<p>De los organismos regionales el comit\u00e9 asegur\u00f3 que estar\u00e1n la CAF, la Comunidad Andina, la Cepal y la Secretar\u00eda General Iberoamericana.<\/p>\n\n\n\n<p>Se espera que en los pr\u00f3ximos d\u00edas se confirmen nuevas asistencias a la posesi\u00f3n presidencial.<\/p>\n\n\n\n<p class=\"has-text-align-right\"><strong><em>ElNacional.-<\/em><\/strong><\/p>\n","protected":false},"excerpt":{"rendered":"<p>El comit\u00e9 organizador de la posesi\u00f3n de este 7 de agosto confirm\u00f3 una gran lista de invitados<\/p>\n","protected":false},"author":2,"featured_media":21381,"comment_status":"open","ping_status":"open","sticky":false,"template":"","format":"standard","meta":{"jnews-multi-image_gallery":[],"jnews_single_post":[],"jnews_primary_category":[],"jnews_social_meta":[],"jnews_review":[],"enable_review":"","type":"","name":"","summary":"","brand":"","sku":"","good":[],"bad":[],"score_override":"","override_value":"","rating":[],"price":[],"jnews_override_counter":[],"jnews_post_split":[],"footnotes":""},"categories":[59],"tags":[283,1549,45,3484,3485],"class_list":["post-21380","post","type-post","status-publish","format-standard","has-post-thumbnail","hentry","category-politica","tag-colombia","tag-gustavo-petro","tag-noticias","tag-presidentes-latinos","tag-toma-de-poder"],"amp_enabled":true,"_links":{"self":[{"href":"https:\/\/esreviral.com\/index.php?rest_route=\/wp\/v2\/posts\/21380"}],"collection":[{"href":"https:\/\/esreviral.com\/index.php?rest_route=\/wp\/v2\/posts"}],"about":[{"href":"https:\/\/esreviral.com\/index.php?rest_route=\/wp\/v2\/types\/post"}],"author":[{"embeddable":true,"href":"https:\/\/esreviral.com\/index.php?rest_route=\/wp\/v2\/users\/2"}],"replies":[{"embeddable":true,"href":"https:\/\/esreviral.com\/index.php?rest_route=%2Fwp%2Fv2%2Fcomments&post=21380"}],"version-history":[{"count":0,"href":"https:\/\/esreviral.com\/index.php?rest_route=\/wp\/v2\/posts\/21380\/revisions"}],"wp:featuredmedia":[{"embeddable":true,"href":"https:\/\/esreviral.com\/index.php?rest_route=\/"}],"wp:attachment":[{"href":"https:\/\/esreviral.com\/index.php?rest_route=%2Fwp%2Fv2%2Fmedia&parent=21380"}],"wp:term":[{"taxonomy":"category","embeddable":true,"href":"https:\/\/esreviral.com\/index.php?rest_route=%2Fwp%2Fv2%2Fcategories&post=21380"},{"taxonomy":"post_tag","embeddable":true,"href":"https:\/\/esreviral.com\/index.php?rest_route=%2Fwp%2Fv2%2Ftags&post=21380"}],"curies":[{"name":"wp","href":"https:\/\/api.w.org\/{rel}","templated":true}]}}