{"id":2138,"date":"2020-11-28T14:08:16","date_gmt":"2020-11-28T14:08:16","guid":{"rendered":"http:\/\/esreviral.com\/?p=2138"},"modified":"2020-11-28T14:08:16","modified_gmt":"2020-11-28T14:08:16","slug":"rodriguez-larreta-sobre-el-regreso-a-las-escuelas-todos-los-chicos-tendran-su-vuelta-a-la-presencialidad-de-aca-a-fin-de-ano","status":"publish","type":"post","link":"https:\/\/esreviral.com\/?p=2138","title":{"rendered":"Rodr\u00edguez Larreta, sobre el regreso a las escuelas: \u201cTodos los chicos tendr\u00e1n su vuelta a la presencialidad de ac\u00e1 a fin de a\u00f1o\u201d"},"content":{"rendered":"\n<p>El jefe de Gobierno porte\u00f1o, Horacio Rodr\u00edguez Larreta, dio detalles sobre la pr\u00f3xima etapa en la Ciudad, en el marco del distanciamiento social, preventivo y obligatorio por el coronavirus.<\/p>\n\n\n\n<p><br>\u201cNuestra prioridad es la educaci\u00f3n, por eso hoy todos los chicos de las escuelas p\u00fablicas de la Ciudad tendr\u00e1n su perspectiva de vuelta a la presencialidad de ac\u00e1 a fin de a\u00f1o\u201d, expres\u00f3 Rodr\u00edguez Larreta.\u00a0<\/p>\n\n\n\n<p><br>En esta l\u00ednea sostuvo que se dise\u00f1\u00f3 \u201cun plan para las chicas y los chicos que no llegaron a aprender todos los contenidos durante la virtualidad\u201d, y agreg\u00f3: \u201cPara los alumnos de s\u00e9ptimo grado y el \u00faltimo a\u00f1o de la secundaria vamos a mantener la escala num\u00e9rica de evaluaci\u00f3n. Para el resto habr\u00e1 tres categor\u00edas: \u201cAvanzado\u201d, \u201cSuficiente\u201d o \u201cEn proceso\u201d. Estos \u00faltimos tendr\u00e1n diferentes instancias de apoyo, como las escuelas de verano\u201d. En este punto, el Jefe de Gobierno porte\u00f1o les pidi\u00f3 a las familias \u201cque acerquen y acompa\u00f1en a sus hijos a las escuelas de verano\u201d.<\/p>\n\n\n\n<p><br>A su vez, reafirm\u00f3 que el a\u00f1o que viene \u201clas clases empezar\u00e1n el 17 de febrero\u201d, e indic\u00f3 que quienes terminen la primaria o la secundaria \u201cpodr\u00e1n hacer el evento de colaci\u00f3n con todos los cuidados necesarios\u201d.<\/p>\n\n\n\n<blockquote class=\"wp-block-quote td_quote_box td_box_center is-layout-flow wp-block-quote-is-layout-flow\"><p><br>Por otro lado, Rodr\u00edguez Larreta asegur\u00f3 que habr\u00e1 \u201c14 sedes para las colonias de verano\u201d, y especific\u00f3: \u201cSon para chicas y chicos de 4 a 12 a\u00f1os. Vamos a manejarnos en burbujas para 12 personas en dos turnos (ma\u00f1ana y tarde), y la inscripci\u00f3n comenzar\u00e1 el 1 de diciembre\u201d.<br><\/p><\/blockquote>\n\n\n\n<p>En cuanto al turismo, dijo que \u201cse habilitar\u00e1 la actividad porque genera much\u00edsimos puestos de trabajo\u201d, y destac\u00f3 que se llevar\u00e1n a cabo \u201cplanes de testeo muy rigurosos que empezar\u00e1n en diciembre\u201d. En relaci\u00f3n a estos, explic\u00f3: \u201cSe testear\u00e1 a todos los que llegan en \u00f3mnibus a la Terminal Dellepiane, a los que llegan en avi\u00f3n a Ezeiza y a los que llegan en auto al Centro de Convenciones y el Edificio de la Munich. Adem\u00e1s, para quienes se hagan el test ya no ser\u00e1n obligatorios los 14 d\u00edas de cuarentena\u201d.<\/p>\n\n\n\n<p><br>Por otra parte, aclar\u00f3 que tambi\u00e9n \u201cse ampliar\u00e1 el horario de una a tres de la ma\u00f1ana en los bares\u201d, y que \u201cla capacidad de personas en mesas al aire libre se aumentar\u00e1 de cuatro a ocho\u201d.<\/p>\n\n\n\n<p><br>A su vez, anunci\u00f3 que \u201cse reabrir\u00e1n los salones de eventos con una capacidad de hasta el 30% solo para servicios gastron\u00f3micos (sin bailes)\u201d, y que \u201ca las reuniones sociales al aire libre podr\u00e1n asistir hasta 20 personas\u201d.<\/p>\n\n\n\n<blockquote class=\"wp-block-quote td_quote_box td_box_center is-layout-flow wp-block-quote-is-layout-flow\"><p><br>En relaci\u00f3n al Culto, manifest\u00f3 que \u201cse est\u00e1 trabajando para aumentar el porcentaje de ocupaci\u00f3n debido a que se acercan las Fiestas\u201d.\u00a0<\/p><\/blockquote>\n\n\n\n<p><br>Por \u00faltimo hizo referencia a las nuevas medidas en cultura, de las que resalt\u00f3 que \u201cahora los eventos al aire libre van a poder hacerse con un m\u00e1ximo de 500 personas, con una distancia m\u00ednima de cuatro metros cuadrados\u201d, y complet\u00f3: \u201cDel mismo modo, en los recitales del estilo autocine las personas podr\u00e1n salir del auto en un espacio delimitado\u201d.<\/p>\n\n\n\n<p><br>Rodr\u00edguez Larreta estuvo acompa\u00f1ado por el vicejefe de Gobierno porte\u00f1o, Diego Santilli; el jefe de Gabinete, Felipe Miguel; el ministro de Salud, Fern\u00e1n Quir\u00f3s; la ministra de Educaci\u00f3n, Soledad Acu\u00f1a; la ministra de Espacio P\u00fablico e Higiene Urbana, Clara Muzzio, y el ministro de Cultura, Enrique Avogadro.<\/p>\n","protected":false},"excerpt":{"rendered":"<p>En relaci\u00f3n al Culto, manifest\u00f3 que \u201cse est\u00e1 trabajando para aumentar el porcentaje de ocupaci\u00f3n debido a que se acercan las Fiestas\u201d<\/p>\n","protected":false},"author":2,"featured_media":2139,"comment_status":"open","ping_status":"open","sticky":false,"template":"","format":"standard","meta":{"jnews-multi-image_gallery":[],"jnews_single_post":[],"jnews_primary_category":[],"jnews_social_meta":[],"jnews_review":[],"enable_review":"","type":"","name":"","summary":"","brand":"","sku":"","good":[],"bad":[],"score_override":"","override_value":"","rating":[],"price":[],"jnews_override_counter":[],"jnews_post_split":[],"footnotes":""},"categories":[58],"tags":[124,147,45,152],"class_list":["post-2138","post","type-post","status-publish","format-standard","has-post-thumbnail","hentry","category-argentina","tag-buenos-aires","tag-cuarentena","tag-noticias","tag-pandemia"],"amp_enabled":true,"_links":{"self":[{"href":"https:\/\/esreviral.com\/index.php?rest_route=\/wp\/v2\/posts\/2138"}],"collection":[{"href":"https:\/\/esreviral.com\/index.php?rest_route=\/wp\/v2\/posts"}],"about":[{"href":"https:\/\/esreviral.com\/index.php?rest_route=\/wp\/v2\/types\/post"}],"author":[{"embeddable":true,"href":"https:\/\/esreviral.com\/index.php?rest_route=\/wp\/v2\/users\/2"}],"replies":[{"embeddable":true,"href":"https:\/\/esreviral.com\/index.php?rest_route=%2Fwp%2Fv2%2Fcomments&post=2138"}],"version-history":[{"count":0,"href":"https:\/\/esreviral.com\/index.php?rest_route=\/wp\/v2\/posts\/2138\/revisions"}],"wp:featuredmedia":[{"embeddable":true,"href":"https:\/\/esreviral.com\/index.php?rest_route=\/"}],"wp:attachment":[{"href":"https:\/\/esreviral.com\/index.php?rest_route=%2Fwp%2Fv2%2Fmedia&parent=2138"}],"wp:term":[{"taxonomy":"category","embeddable":true,"href":"https:\/\/esreviral.com\/index.php?rest_route=%2Fwp%2Fv2%2Fcategories&post=2138"},{"taxonomy":"post_tag","embeddable":true,"href":"https:\/\/esreviral.com\/index.php?rest_route=%2Fwp%2Fv2%2Ftags&post=2138"}],"curies":[{"name":"wp","href":"https:\/\/api.w.org\/{rel}","templated":true}]}}