{"id":21358,"date":"2022-07-27T09:10:08","date_gmt":"2022-07-27T12:10:08","guid":{"rendered":"https:\/\/esreviral.com\/?p=21358"},"modified":"2022-07-27T09:10:08","modified_gmt":"2022-07-27T12:10:08","slug":"rusia-redujo-el-flujo-de-gas-a-alemania-a-20-de-la-potencia-del-nord-stream","status":"publish","type":"post","link":"https:\/\/esreviral.com\/?p=21358","title":{"rendered":"Rusia redujo el flujo de gas a Alemania a 20% de la potencia del Nord Stream"},"content":{"rendered":"\n<p class=\"has-drop-cap\">La\u00a0gas\u00edstica rusa\u00a0Gazprom redujo este mi\u00e9rcoles por \u00abmotivos t\u00e9cnicos\u00bb el bombeo de gas a Alemania a la quinta parte de la capacidad del gasoducto Nord Stream, seg\u00fan los datos publicados por el operador de la infraestructura en su p\u00e1gina web.<\/p>\n\n\n\n<p>La reducci\u00f3n del flujo de combustible comenz\u00f3 a partir de las 09.00 hora de Mosc\u00fa (06.00 GMT), y seg\u00fan la gas\u00edstica el volumen diario de suministros por el Nord Stream ser\u00e1 de 33 millones de metros c\u00fabicos.<\/p>\n\n\n\n<p>Gazprom vincul\u00f3 esta nueva disminuci\u00f3n del bombeo al estado de una turbina tras cumplirse el plazo para una nueva reparaci\u00f3n capital, seg\u00fan lo estipulado por las normas t\u00e9cnicas.<\/p>\n\n\n\n<p>A mediados de junio, Gazprom redujo de 167 a 67 millones de metros c\u00fabicos el volumen diario de bombeo de gas por el Nord Stream, que supone 40% de la capacidad de suministro del gasoducto, debido a la necesidad de reparar un turbina.<\/p>\n\n\n\n<p>En julio, la gas\u00edstica rusa suspendi\u00f3 totalmente durante diez d\u00edas el bombero de gas por el Nord Stream para \u00ablabores rutinarias de mantenimiento\u00bb.<\/p>\n\n\n\n<p>El pasado 21 de julio, el gasoducto volvi\u00f3 a ponerse en funcionamiento a 40% de capacidad m\u00e1xima, que hoy qued\u00f3 en 20%.<\/p>\n\n\n\n<p>Este martes, el ministro de Asuntos Exteriores de Rusia, Sergu\u00e9i Lavrov, declar\u00f3 que el gasoducto Nord Stream 2 \u00abpuede satisfacer plenamente las necesidades de Europa, pero no permiten su funcionamiento por motivos pol\u00edticos\u00bb, en alusi\u00f3n a sanciones europeas por la \u00aboperaci\u00f3n militar especial\u00bb rusa en Ucrania.<\/p>\n\n\n\n<p>El d\u00eda anterior el Kremlin afirm\u00f3 que Rusia \u00abno est\u00e1 interesada\u00bb en el cese de los suministros de gas a Europa.<\/p>\n\n\n\n<p>\u00abRusia ha sido y sigue siendo un pa\u00eds que garantiza en gran parte la seguridad energ\u00e9tica de Europa\u00bb, dijo el portavoz de la Presidencia rusa, Dmitri Peskov.<\/p>\n\n\n\n<p>Advirti\u00f3, sin embargo, de que \u00absi Europa contin\u00faa el camino de adopci\u00f3n de restricciones y sanciones sin sentido, que le afectan a ella misma, la situaci\u00f3n ser\u00e1 diferente\u00bb.<\/p>\n\n\n\n<p class=\"has-text-align-right\"><strong><em>ElNacional.-<\/em><\/strong><\/p>\n","protected":false},"excerpt":{"rendered":"<p>Gazprom vincul\u00f3 esta nueva disminuci\u00f3n del bombeo al estado de una turbina tras cumplirse el plazo para una nueva reparaci\u00f3n capital, seg\u00fan lo estipulado por las normas t\u00e9cnicas<\/p>\n","protected":false},"author":2,"featured_media":21359,"comment_status":"open","ping_status":"open","sticky":false,"template":"","format":"standard","meta":{"jnews-multi-image_gallery":[],"jnews_single_post":[],"jnews_primary_category":[],"jnews_social_meta":[],"jnews_review":[],"enable_review":"","type":"","name":"","summary":"","brand":"","sku":"","good":[],"bad":[],"score_override":"","override_value":"","rating":[],"price":[],"jnews_override_counter":[],"jnews_post_split":[],"footnotes":""},"categories":[88],"tags":[964,3468,3469,3470,3471,45,235],"class_list":["post-21358","post","type-post","status-publish","format-standard","has-post-thumbnail","hentry","category-internacionales","tag-alemania","tag-bombeo-de-gas","tag-gasistica-rusa","tag-gazprom","tag-nord-stream","tag-noticias","tag-rusia"],"amp_enabled":true,"_links":{"self":[{"href":"https:\/\/esreviral.com\/index.php?rest_route=\/wp\/v2\/posts\/21358"}],"collection":[{"href":"https:\/\/esreviral.com\/index.php?rest_route=\/wp\/v2\/posts"}],"about":[{"href":"https:\/\/esreviral.com\/index.php?rest_route=\/wp\/v2\/types\/post"}],"author":[{"embeddable":true,"href":"https:\/\/esreviral.com\/index.php?rest_route=\/wp\/v2\/users\/2"}],"replies":[{"embeddable":true,"href":"https:\/\/esreviral.com\/index.php?rest_route=%2Fwp%2Fv2%2Fcomments&post=21358"}],"version-history":[{"count":0,"href":"https:\/\/esreviral.com\/index.php?rest_route=\/wp\/v2\/posts\/21358\/revisions"}],"wp:featuredmedia":[{"embeddable":true,"href":"https:\/\/esreviral.com\/index.php?rest_route=\/"}],"wp:attachment":[{"href":"https:\/\/esreviral.com\/index.php?rest_route=%2Fwp%2Fv2%2Fmedia&parent=21358"}],"wp:term":[{"taxonomy":"category","embeddable":true,"href":"https:\/\/esreviral.com\/index.php?rest_route=%2Fwp%2Fv2%2Fcategories&post=21358"},{"taxonomy":"post_tag","embeddable":true,"href":"https:\/\/esreviral.com\/index.php?rest_route=%2Fwp%2Fv2%2Ftags&post=21358"}],"curies":[{"name":"wp","href":"https:\/\/api.w.org\/{rel}","templated":true}]}}