{"id":21289,"date":"2022-07-26T08:54:53","date_gmt":"2022-07-26T11:54:53","guid":{"rendered":"https:\/\/esreviral.com\/?p=21289"},"modified":"2022-07-26T08:54:53","modified_gmt":"2022-07-26T11:54:53","slug":"cuatro-mujeres-heridas-con-arma-de-fuego-en-el-anexo-femenino-de-fenix-lara","status":"publish","type":"post","link":"https:\/\/esreviral.com\/?p=21289","title":{"rendered":"Cuatro mujeres heridas con arma de fuego en el anexo femenino de F\u00e9nix Lara"},"content":{"rendered":"\n<p class=\"has-drop-cap\">Los funcionarios ingresaron a cuatro privadas de libertad que presentaron heridas producidas por arma de fuego. Seg\u00fan se conoci\u00f3 las heridas fueron con perdigones, pero los disparos fueron a corta distancia, por lo que una de las mujeres present\u00f3 una herida abierta en la mano y otra fue enyesada por una herida en la pierna.<\/p>\n\n\n\n<p>Asimismo presentaron&nbsp;lesiones&nbsp;en el abdomen y m\u00faltiples golpes, seg\u00fan la revisi\u00f3n a la que fueron sometidas en el principal centro asistencial de la ciudad.<\/p>\n\n\n\n<p>El&nbsp;<strong>Observatorio Venezolano de Prisiones (OVP)<\/strong>&nbsp;recibi\u00f3 la denuncia de algunos familiares y privados de libertad,&nbsp;quienes aseguraron que las lesiones fueron ocasionadas presuntamente&nbsp;por un funcionario del Ministerio de Servicio Penitenciario que presta sus servicios en la Comunidad Penitenciaria F\u00e9nix Lara, lugar donde se registraron los hechos.&nbsp;<\/p>\n\n\n\n<p>Carolina Casta\u00f1eda, Carolina Gonz\u00e1lez y una reclusa conocida como Regula, son tres de las cuatro heridas que fueron atendidas y dadas de alta la madrugada de este 25 de julio.&nbsp;<\/p>\n\n\n\n<p>El relato de los denunciantes indica que hace 15 d\u00edas fue trasladada hasta F\u00e9nix Lara&nbsp;una mujer proveniente del &nbsp;Instituto Nacional de Orientaci\u00f3n Femenina (INOF), ubicado en el estado Miranda.&nbsp;<\/p>\n\n\n\n<p>El traslado fue ordenado por el supuesto mal comportamiento de esta privada de libertad en el INOF, quien anteriormente estuvo recluida en el anexo femenino&nbsp;Tocuyito&nbsp;en el estado Carabobo, de donde fue trasladada tambi\u00e9n por hechos&nbsp;violentos.&nbsp;<\/p>\n\n\n\n<p>Una vez ingresada a F\u00e9nix Lara, esta privada de libertad fue recluida en el \u00e1rea de aislamiento, pero fue rechazada por el resto de la poblaci\u00f3n reclusa cuando intentaron llevarla a los calabozos. Al parecer, este fue el motivo que desencaden\u00f3 una trifulca.&nbsp;<\/p>\n\n\n\n<p>Al percatarse de la&nbsp;ri\u00f1a, las custodias&nbsp;alertaron a las autoridades&nbsp;del centro penitenciario y fue cuando decidieron ingresar a los calabozos. Posteriormente se escucharon los disparos que hirieron a las cuatro mujeres.<\/p>\n\n\n\n<p>\u201cEl funcionario lleg\u00f3 demasiado violento, disparando&nbsp;y gritando. Pudo hacerlo de otra forma\u201d, coment\u00f3 una de las denunciantes.<\/p>\n\n\n\n<p>En otro orden de ideas, durante los meses de junio y julio, se registraron otros hechos denunciados por los presos del \u00e1rea masculina, quienes manifestaron que \u201cel funcionario involucrado en la trifulca de las mujeres se pasea por el penal con un arma de fuego, los apunta y se dirige a ellos con improperios\u201d.&nbsp;<\/p>\n\n\n\n<p>Hoy familiares temen por la seguridad de las mujeres y el resto de la poblaci\u00f3n penal, por lo que piden al personal del Ministerio P\u00fablico y la Defensor\u00eda del Pueblo que investiguen lo sucedido con las mujeres en F\u00e9nix Lara.&nbsp;<\/p>\n\n\n\n<p class=\"has-text-align-right\"><em><strong>Prensa Observatorio Venezolano de Prisiones<\/strong>.-<\/em><\/p>\n","protected":false},"excerpt":{"rendered":"<p>Pasadas las 7 de la noche del domingo 24 de julio, las puertas del Hospital Central Antonio Mar\u00eda Pineda de Barquisimeto, estado Lara, fueron abiertas de forma violenta por funcionarios de la Guardia Nacional y custodios penitenciarios. <\/p>\n","protected":false},"author":2,"featured_media":21290,"comment_status":"open","ping_status":"open","sticky":false,"template":"","format":"standard","meta":{"jnews-multi-image_gallery":[],"jnews_single_post":[],"jnews_primary_category":[],"jnews_social_meta":[],"jnews_review":[],"enable_review":"","type":"","name":"","summary":"","brand":"","sku":"","good":[],"bad":[],"score_override":"","override_value":"","rating":[],"price":[],"jnews_override_counter":[],"jnews_post_split":[],"footnotes":""},"categories":[64],"tags":[473,45,3301,3436,56],"class_list":["post-21289","post","type-post","status-publish","format-standard","has-post-thumbnail","hentry","category-sucesos","tag-lara","tag-noticias","tag-observatorio-venezolano-de-prisiones","tag-ovp","tag-venezuela"],"_links":{"self":[{"href":"https:\/\/esreviral.com\/index.php?rest_route=\/wp\/v2\/posts\/21289","targetHints":{"allow":["GET"]}}],"collection":[{"href":"https:\/\/esreviral.com\/index.php?rest_route=\/wp\/v2\/posts"}],"about":[{"href":"https:\/\/esreviral.com\/index.php?rest_route=\/wp\/v2\/types\/post"}],"author":[{"embeddable":true,"href":"https:\/\/esreviral.com\/index.php?rest_route=\/wp\/v2\/users\/2"}],"replies":[{"embeddable":true,"href":"https:\/\/esreviral.com\/index.php?rest_route=%2Fwp%2Fv2%2Fcomments&post=21289"}],"version-history":[{"count":0,"href":"https:\/\/esreviral.com\/index.php?rest_route=\/wp\/v2\/posts\/21289\/revisions"}],"wp:featuredmedia":[{"embeddable":true,"href":"https:\/\/esreviral.com\/index.php?rest_route=\/"}],"wp:attachment":[{"href":"https:\/\/esreviral.com\/index.php?rest_route=%2Fwp%2Fv2%2Fmedia&parent=21289"}],"wp:term":[{"taxonomy":"category","embeddable":true,"href":"https:\/\/esreviral.com\/index.php?rest_route=%2Fwp%2Fv2%2Fcategories&post=21289"},{"taxonomy":"post_tag","embeddable":true,"href":"https:\/\/esreviral.com\/index.php?rest_route=%2Fwp%2Fv2%2Ftags&post=21289"}],"curies":[{"name":"wp","href":"https:\/\/api.w.org\/{rel}","templated":true}]}}