{"id":21189,"date":"2022-07-22T17:51:47","date_gmt":"2022-07-22T20:51:47","guid":{"rendered":"https:\/\/esreviral.com\/?p=21189"},"modified":"2022-07-22T17:51:47","modified_gmt":"2022-07-22T20:51:47","slug":"lanzan-un-disco-de-folklore-argentino-con-instrumentos-musicales-del-llano-venezolano","status":"publish","type":"post","link":"https:\/\/esreviral.com\/?p=21189","title":{"rendered":"Lanzan un disco de folklore argentino con instrumentos musicales del llano venezolano"},"content":{"rendered":"\n<p><strong><em>CIS.- <\/em>Lucas Cendra, lanzar\u00e1 este viernes 22 de julio su disco 1999, en el que participan unos m\u00fasicos venezolanos tocando distintos instrumentos pero adem\u00e1s, el cantautor dedic\u00f3 una canci\u00f3n a Venezuela. <\/strong><\/p>\n\n\n\n<p>Y es que, su relaci\u00f3n el pa\u00eds caribe\u00f1o va mucho m\u00e1s all\u00e1 de la m\u00fasica, ya que le gusta su cultura y m\u00fasica. <\/p>\n\n\n\n<p><strong>\u00abEl \u00fanico argentino de la producci\u00f3n soy yo\u00bb, confes\u00f3 entre risas. Cuando comenc\u00e9 hace cuatro a\u00f1os, Kelvin (Zapata) me propuso hacer esta banda\u00bb. <\/strong><\/p>\n\n\n\n<p>Cuenta que el t\u00edtulo del disco se debe a que en el a\u00f1o 1999 inici\u00f3 su carrera musical. \u00ab<strong>Es folklore argentino pero con instrumentos venezolanos como las maracas y el arpa\u00bb. <\/strong><\/p>\n\n\n\n<p>Se trata de una fusi\u00f3n de sonidos, \u00ab<strong>es que me gusta la gaita que es similar a la chacarera, los pasajes a la samba y me gusta la m\u00fasica llanera\u00bb. <\/strong><\/p>\n\n\n\n<p>Adem\u00e1s Cendra ya ha aprendido a tocar el cuatro venezolano.<\/p>\n\n\n\n<figure class=\"wp-block-image size-large\"><img decoding=\"async\" src=\"https:\/\/esreviral.com\/wp-content\/uploads\/2022\/07\/WhatsApp-Image-2022-07-22-at-12.34.00-PM-576x1024.jpeg\" alt=\"\" class=\"wp-image-21191\"\/><\/figure>\n","protected":false},"excerpt":{"rendered":"<p>CIS.- Lucas Cendra, lanzar\u00e1 este viernes 22 de julio su disco 1999, en el que participan unos m\u00fasicos venezolanos tocando distintos instrumentos pero adem\u00e1s, el cantautor dedic\u00f3 una canci\u00f3n a Venezuela. Y es que, su relaci\u00f3n el pa\u00eds caribe\u00f1o va mucho m\u00e1s all\u00e1 de la m\u00fasica, ya que le gusta su cultura y m\u00fasica. \u00abEl [&hellip;]<\/p>\n","protected":false},"author":2,"featured_media":21190,"comment_status":"open","ping_status":"open","sticky":false,"template":"","format":"standard","meta":{"jnews-multi-image_gallery":[],"jnews_single_post":[],"jnews_primary_category":[],"jnews_social_meta":[],"jnews_review":[],"enable_review":"","type":"","name":"","summary":"","brand":"","sku":"","good":[],"bad":[],"score_override":"","override_value":"","rating":[],"price":[],"jnews_override_counter":[],"jnews_post_split":[],"footnotes":""},"categories":[1142],"tags":[44,241,67],"class_list":["post-21189","post","type-post","status-publish","format-standard","has-post-thumbnail","hentry","category-musica","tag-argentina","tag-musica","tag-venezolanos-en-argentina"],"amp_enabled":true,"_links":{"self":[{"href":"https:\/\/esreviral.com\/index.php?rest_route=\/wp\/v2\/posts\/21189"}],"collection":[{"href":"https:\/\/esreviral.com\/index.php?rest_route=\/wp\/v2\/posts"}],"about":[{"href":"https:\/\/esreviral.com\/index.php?rest_route=\/wp\/v2\/types\/post"}],"author":[{"embeddable":true,"href":"https:\/\/esreviral.com\/index.php?rest_route=\/wp\/v2\/users\/2"}],"replies":[{"embeddable":true,"href":"https:\/\/esreviral.com\/index.php?rest_route=%2Fwp%2Fv2%2Fcomments&post=21189"}],"version-history":[{"count":0,"href":"https:\/\/esreviral.com\/index.php?rest_route=\/wp\/v2\/posts\/21189\/revisions"}],"wp:featuredmedia":[{"embeddable":true,"href":"https:\/\/esreviral.com\/index.php?rest_route=\/"}],"wp:attachment":[{"href":"https:\/\/esreviral.com\/index.php?rest_route=%2Fwp%2Fv2%2Fmedia&parent=21189"}],"wp:term":[{"taxonomy":"category","embeddable":true,"href":"https:\/\/esreviral.com\/index.php?rest_route=%2Fwp%2Fv2%2Fcategories&post=21189"},{"taxonomy":"post_tag","embeddable":true,"href":"https:\/\/esreviral.com\/index.php?rest_route=%2Fwp%2Fv2%2Ftags&post=21189"}],"curies":[{"name":"wp","href":"https:\/\/api.w.org\/{rel}","templated":true}]}}