{"id":21186,"date":"2022-07-22T15:25:25","date_gmt":"2022-07-22T18:25:25","guid":{"rendered":"https:\/\/esreviral.com\/?p=21186"},"modified":"2022-07-22T15:25:25","modified_gmt":"2022-07-22T18:25:25","slug":"alberto-fernandez-los-que-quieren-torcerme-el-brazo-no-lo-lograran","status":"publish","type":"post","link":"https:\/\/esreviral.com\/?p=21186","title":{"rendered":"Alberto Fern\u00e1ndez: \u00abLos que quieren torcerme el brazo no lo lograr\u00e1n\u00bb"},"content":{"rendered":"\n<p>Mientras el precio del d\u00f3lar paralelo escal\u00f3 a 338 este viernes, el presidente Alberto Fern\u00e1ndez, dio un discurso en el que destac\u00f3 el crecimiento de m\u00e1s del 7% de Argentina durante el mes de mayo por lo cual \u00able vamos a poner el pecho\u00bb a todos los problemas y \u00absepan que los quieren torcerme el brazo, no lo lograr\u00e1n\u00bb. <\/p>\n\n\n\n<p>Estas declaraciones las emiti\u00f3 en un acto junto al ministro de Ciencia y Tecnolog\u00eda as\u00ed como unos 16 gobernadores del pa\u00eds, en el que reiter\u00f3 que han superado algunas problem\u00e1ticas, incluyendo la pandemia. <\/p>\n\n\n\n<p>\u00abCrecimos el 10,3 por ciento, creamos 1.2 millones de puestos de trabajo, bajamos el desempleo a menos del 7 por ciento, toda la econom\u00eda se desarrolla, la obra p\u00fablica no se par\u00f3 en ning\u00fan lado, la construcci\u00f3n de viviendas no se par\u00f3 en ning\u00fan lado. Y as\u00ed nos encontramos con que en mayo crecimos el 7,4 por ciento interanual\u201d, detall\u00f3.<\/p>\n\n\n\n<p>\u00a0\u201cla Argentina sigue creciendo en un contexto que pone otros desaf\u00edos: el desaf\u00edo de enfrentar la inflaci\u00f3n, de\u00a0<strong>enfrentar a los que especulan con el d\u00f3lar y el desaf\u00edo de enfrentar a los que guardan 20 mil millones de d\u00f3lares en el campo y no los liquidan,<\/strong>\u00a0esperando una mejor rentabilidad cuando el pa\u00eds lo necesita\u201d.<\/p>\n\n\n\n<figure class=\"wp-block-embed is-type-rich is-provider-twitter wp-block-embed-twitter\"><div class=\"wp-block-embed__wrapper\">\n<blockquote class=\"twitter-tweet\" data-width=\"500\" data-dnt=\"true\"><p lang=\"es\" dir=\"ltr\">\u201cQuienes me quieran torcer el brazo, no lo lograr\u00e1n\u201d: Alberto Fern\u00e1ndez <a href=\"https:\/\/t.co\/bHwAbYDspn\">pic.twitter.com\/bHwAbYDspn<\/a><\/p>&mdash; ES RE VIRAL (@esreviral) <a href=\"https:\/\/twitter.com\/esreviral\/status\/1550547300220825601?ref_src=twsrc%5Etfw\">July 22, 2022<\/a><\/blockquote><script async src=\"https:\/\/platform.twitter.com\/widgets.js\" charset=\"utf-8\"><\/script>\n<\/div><\/figure>\n","protected":false},"excerpt":{"rendered":"<p>Mientras el precio del d\u00f3lar paralelo escal\u00f3 a 338 este viernes, el presidente Alberto Fern\u00e1ndez, dio un discurso en el que destac\u00f3 el crecimiento de m\u00e1s del 7% de Argentina durante el mes de mayo por lo cual \u00able vamos a poner el pecho\u00bb a todos los problemas y \u00absepan que los quieren torcerme el [&hellip;]<\/p>\n","protected":false},"author":2,"featured_media":21187,"comment_status":"open","ping_status":"open","sticky":false,"template":"","format":"standard","meta":{"jnews-multi-image_gallery":[],"jnews_single_post":[],"jnews_primary_category":[],"jnews_social_meta":[],"jnews_review":[],"enable_review":"","type":"","name":"","summary":"","brand":"","sku":"","good":[],"bad":[],"score_override":"","override_value":"","rating":[],"price":[],"jnews_override_counter":[],"jnews_post_split":[],"footnotes":""},"categories":[58],"tags":[86,44,268,112],"class_list":["post-21186","post","type-post","status-publish","format-standard","has-post-thumbnail","hentry","category-argentina","tag-alberto-fernandez","tag-argentina","tag-inflacion","tag-politica"],"amp_enabled":true,"_links":{"self":[{"href":"https:\/\/esreviral.com\/index.php?rest_route=\/wp\/v2\/posts\/21186"}],"collection":[{"href":"https:\/\/esreviral.com\/index.php?rest_route=\/wp\/v2\/posts"}],"about":[{"href":"https:\/\/esreviral.com\/index.php?rest_route=\/wp\/v2\/types\/post"}],"author":[{"embeddable":true,"href":"https:\/\/esreviral.com\/index.php?rest_route=\/wp\/v2\/users\/2"}],"replies":[{"embeddable":true,"href":"https:\/\/esreviral.com\/index.php?rest_route=%2Fwp%2Fv2%2Fcomments&post=21186"}],"version-history":[{"count":0,"href":"https:\/\/esreviral.com\/index.php?rest_route=\/wp\/v2\/posts\/21186\/revisions"}],"wp:featuredmedia":[{"embeddable":true,"href":"https:\/\/esreviral.com\/index.php?rest_route=\/"}],"wp:attachment":[{"href":"https:\/\/esreviral.com\/index.php?rest_route=%2Fwp%2Fv2%2Fmedia&parent=21186"}],"wp:term":[{"taxonomy":"category","embeddable":true,"href":"https:\/\/esreviral.com\/index.php?rest_route=%2Fwp%2Fv2%2Fcategories&post=21186"},{"taxonomy":"post_tag","embeddable":true,"href":"https:\/\/esreviral.com\/index.php?rest_route=%2Fwp%2Fv2%2Ftags&post=21186"}],"curies":[{"name":"wp","href":"https:\/\/api.w.org\/{rel}","templated":true}]}}