{"id":21103,"date":"2022-07-21T11:05:03","date_gmt":"2022-07-21T14:05:03","guid":{"rendered":"https:\/\/esreviral.com\/?p=21103"},"modified":"2022-07-21T11:05:03","modified_gmt":"2022-07-21T14:05:03","slug":"tokio-alcanza-nuevo-record-de-casos-de-covid-en-un-dia-con-mas-de-30-000","status":"publish","type":"post","link":"https:\/\/esreviral.com\/?p=21103","title":{"rendered":"Tokio alcanza nuevo r\u00e9cord de casos de covid en un d\u00eda con m\u00e1s de 30.000"},"content":{"rendered":"\n<p class=\"has-drop-cap\">Tokio registr\u00f3 este jueves un r\u00e9cord diario de casos de covid detectados en un solo d\u00eda al reportar m\u00e1s de 30.000 positivos, una cifra que responde a la circulaci\u00f3n de la subvariante \u00f3micron BA.5 del virus, altamente contagiosa.<\/p>\n\n\n\n<p>El n\u00famero de nuevos casos alcanz\u00f3 este jueves los 31.878, seg\u00fan anunci\u00f3 la gobernadora de Tokio,\u00a0Yuriko Koike, quien tambi\u00e9n pidi\u00f3 a los tokiotas que tomen las medidas necesarias de prevenci\u00f3n, especialmente ante el inicio hoy de las vacaciones escolares.<\/p>\n\n\n\n<p>\u00abEl n\u00famero es muy alto y esto implica que el virus est\u00e1 cerca de cada uno, tanto a nivel de contactos cercanos como de positivos, por lo que mantendremos el apoyo y el tel\u00e9fono de consultas\u00bb, dijo Koike durante una rueda de prensa.<\/p>\n\n\n\n<p>A nivel nacional, el n\u00famero de casos alcanz\u00f3 los 152.536 en la v\u00edspera, otro r\u00e9cord para el pa\u00eds asi\u00e1tico ante la circulaci\u00f3n de la mencionada subvariante de \u00f3micron. El balance correspondiente a hoy se conocer\u00e1 en las pr\u00f3ximas horas.<\/p>\n\n\n\n<p>\u00abEl nivel de contagios en todo Jap\u00f3n tambi\u00e9n ha alcanzado un r\u00e9cord, por lo que estamos preocupados de la disponibilidad de camas en los hospitales y observamos la situaci\u00f3n con la m\u00e1xima atenci\u00f3n\u00bb, dijo este jueves el portavoz gubernamental japon\u00e9s, Hirokazu Matsuno, a los medios.<\/p>\n\n\n\n<p>Ante este nueva ola, la s\u00e9ptima en el pa\u00eds, el gobierno nip\u00f3n decidi\u00f3 el pasado viernes ampliar el grupo de personas que pueden recibir una cuarta dosis de la vacuna, incluyendo ahora a todo el personal m\u00e9dico y de centros geri\u00e1tricos, que se suman as\u00ed a los mayores de 60 y a todos los adultos con inmunodeficiencias.<\/p>\n\n\n\n<p>El primer ministro, Fumio Kishida, ha dicho que pretende lograr que gente m\u00e1s joven pueda recibir tambi\u00e9n la cuarta dosis.<\/p>\n\n\n\n<p>Jap\u00f3n, que super\u00f3 hace una semana los 10 millones de infecciones acumuladas, mantiene sus fronteras cerradas al turismo desde 2020, aunque recientemente ha permitido la entrada de grupos peque\u00f1os de viajeros de determinados pa\u00edses en viajes organizados y bajo un r\u00e9gimen de control estricto.<\/p>\n\n\n\n<p class=\"has-text-align-right\"><em><strong>ElNacional.<\/strong><\/em><strong>&#8211;<\/strong><\/p>\n","protected":false},"excerpt":{"rendered":"<p>La gobernadora de la ciudad japonesa, Yuriko Koike, pidi\u00f3 a los tokiotas que tomen las medidas necesarias de prevenci\u00f3n, especialmente ante el inicio hoy de las vacaciones escolares<\/p>\n","protected":false},"author":2,"featured_media":21104,"comment_status":"open","ping_status":"open","sticky":false,"template":"","format":"standard","meta":{"jnews-multi-image_gallery":[],"jnews_single_post":[],"jnews_primary_category":[],"jnews_social_meta":[],"jnews_review":[],"enable_review":"","type":"","name":"","summary":"","brand":"","sku":"","good":[],"bad":[],"score_override":"","override_value":"","rating":[],"price":[],"jnews_override_counter":[],"jnews_post_split":[],"footnotes":""},"categories":[76,88],"tags":[3373,77,188,45,152,420],"class_list":["post-21103","post","type-post","status-publish","format-standard","has-post-thumbnail","hentry","category-coronavirus","category-internacionales","tag-casos-de-covid","tag-coronavirus","tag-covid-19","tag-noticias","tag-pandemia","tag-tokio"],"amp_enabled":true,"_links":{"self":[{"href":"https:\/\/esreviral.com\/index.php?rest_route=\/wp\/v2\/posts\/21103"}],"collection":[{"href":"https:\/\/esreviral.com\/index.php?rest_route=\/wp\/v2\/posts"}],"about":[{"href":"https:\/\/esreviral.com\/index.php?rest_route=\/wp\/v2\/types\/post"}],"author":[{"embeddable":true,"href":"https:\/\/esreviral.com\/index.php?rest_route=\/wp\/v2\/users\/2"}],"replies":[{"embeddable":true,"href":"https:\/\/esreviral.com\/index.php?rest_route=%2Fwp%2Fv2%2Fcomments&post=21103"}],"version-history":[{"count":0,"href":"https:\/\/esreviral.com\/index.php?rest_route=\/wp\/v2\/posts\/21103\/revisions"}],"wp:featuredmedia":[{"embeddable":true,"href":"https:\/\/esreviral.com\/index.php?rest_route=\/"}],"wp:attachment":[{"href":"https:\/\/esreviral.com\/index.php?rest_route=%2Fwp%2Fv2%2Fmedia&parent=21103"}],"wp:term":[{"taxonomy":"category","embeddable":true,"href":"https:\/\/esreviral.com\/index.php?rest_route=%2Fwp%2Fv2%2Fcategories&post=21103"},{"taxonomy":"post_tag","embeddable":true,"href":"https:\/\/esreviral.com\/index.php?rest_route=%2Fwp%2Fv2%2Ftags&post=21103"}],"curies":[{"name":"wp","href":"https:\/\/api.w.org\/{rel}","templated":true}]}}