{"id":21097,"date":"2022-07-21T10:34:19","date_gmt":"2022-07-21T13:34:19","guid":{"rendered":"https:\/\/esreviral.com\/?p=21097"},"modified":"2022-07-21T10:34:19","modified_gmt":"2022-07-21T13:34:19","slug":"sangriento-cuadruple-homicidio-se-registro-en-jose-c-paz","status":"publish","type":"post","link":"https:\/\/esreviral.com\/?p=21097","title":{"rendered":"Sangriento cu\u00e1druple homicidio se registr\u00f3 en Jos\u00e9 C. Paz"},"content":{"rendered":"\n<p class=\"has-drop-cap\">Un&nbsp;<strong>feroz cu\u00e1druple crimen ocurri\u00f3 en la madrugada de hoy en la esquina de Esmeralda y Viena<\/strong>, barrio Frino, zona de Jos\u00e9 C. Paz. Tres adultos y un chico de 13 a\u00f1os fueron baleados desde un auto tras un aparente conflicto. Fallecieron luego de ser trasladados al hospital Mercante, seg\u00fan confirmaron fuentes con acceso al expediente a&nbsp;<strong>Infobae.<\/strong><\/p>\n\n\n\n<p>La Polic\u00eda Bonaerense y la Justicia investigan&nbsp;<strong>un ajuste de cuentas&nbsp;<\/strong>tras un conflicto de larga data posiblemente motivado por la venta de drogas en la zona, con un caso a cargo de la UFI N\u00b019 de San Mart\u00edn.&nbsp;<mark><strong>Las v\u00edctimas fueron identificadas como Edgar Dami\u00e1n Valdez, Rodrigo Alejandro Cardozo y Alexis S\u00e1nchez. El menor asesinado se llamaba B.G.&nbsp;<\/strong><\/mark>Seg\u00fan contaron vecinos, se escucharon m\u00e1s de 20 disparos. Tres de las v\u00edctimas recibieron disparos en la cabeza, entre ellos el chico de 13 a\u00f1os, report\u00f3&nbsp;<em>Diario Efecto<\/em>.<\/p>\n\n\n\n<p>El sospechoso de ser autor material de los disparos&nbsp;<strong>fue identificado con el alias de \u201cChuky\u201d, apellido Corbal\u00e1n.<\/strong>&nbsp;La Sub DDI de la zona en conjunto con personal de tres comisar\u00edas y el Comando de Patrullas de Jos\u00e9 C. Paz&nbsp;<mark><strong>lo arrest\u00f3 en un domicilio de la calle Lisboa al 3100&nbsp;<\/strong><\/mark>y secuestr\u00f3 varios elementos en su casa, tras llegar a \u00e9l por diversos testimonios y cotejos de filmaciones. La fiscal\u00eda del caso aval\u00f3 el arresto y se espera su indagatoria.<\/p>\n\n\n\n<p><em><strong>NOTICIA EN DESARROLLO<\/strong><\/em><\/p>\n\n\n\n<p class=\"has-text-align-right\"><strong><em>Infobae.-<\/em><\/strong><\/p>\n","protected":false},"excerpt":{"rendered":"<p>Ocurri\u00f3 en la zona de Barrio Frino. La Justicia y la Polic\u00eda Bonaerense investigan un ajuste de cuentas. Hay un detenido, apodado \u201cChuky\u201d<\/p>\n","protected":false},"author":2,"featured_media":21098,"comment_status":"open","ping_status":"open","sticky":false,"template":"","format":"standard","meta":{"jnews-multi-image_gallery":[],"jnews_single_post":[],"jnews_primary_category":[],"jnews_social_meta":[],"jnews_review":[],"enable_review":"","type":"","name":"","summary":"","brand":"","sku":"","good":[],"bad":[],"score_override":"","override_value":"","rating":[],"price":[],"jnews_override_counter":[],"jnews_post_split":[],"footnotes":""},"categories":[64],"tags":[44,3370,1760,45,3371],"class_list":["post-21097","post","type-post","status-publish","format-standard","has-post-thumbnail","hentry","category-sucesos","tag-argentina","tag-cuadruple-crimen","tag-jose-c-paz","tag-noticias","tag-policia-bonaerense"],"amp_enabled":true,"_links":{"self":[{"href":"https:\/\/esreviral.com\/index.php?rest_route=\/wp\/v2\/posts\/21097"}],"collection":[{"href":"https:\/\/esreviral.com\/index.php?rest_route=\/wp\/v2\/posts"}],"about":[{"href":"https:\/\/esreviral.com\/index.php?rest_route=\/wp\/v2\/types\/post"}],"author":[{"embeddable":true,"href":"https:\/\/esreviral.com\/index.php?rest_route=\/wp\/v2\/users\/2"}],"replies":[{"embeddable":true,"href":"https:\/\/esreviral.com\/index.php?rest_route=%2Fwp%2Fv2%2Fcomments&post=21097"}],"version-history":[{"count":0,"href":"https:\/\/esreviral.com\/index.php?rest_route=\/wp\/v2\/posts\/21097\/revisions"}],"wp:featuredmedia":[{"embeddable":true,"href":"https:\/\/esreviral.com\/index.php?rest_route=\/"}],"wp:attachment":[{"href":"https:\/\/esreviral.com\/index.php?rest_route=%2Fwp%2Fv2%2Fmedia&parent=21097"}],"wp:term":[{"taxonomy":"category","embeddable":true,"href":"https:\/\/esreviral.com\/index.php?rest_route=%2Fwp%2Fv2%2Fcategories&post=21097"},{"taxonomy":"post_tag","embeddable":true,"href":"https:\/\/esreviral.com\/index.php?rest_route=%2Fwp%2Fv2%2Ftags&post=21097"}],"curies":[{"name":"wp","href":"https:\/\/api.w.org\/{rel}","templated":true}]}}