{"id":21079,"date":"2022-07-21T09:35:07","date_gmt":"2022-07-21T12:35:07","guid":{"rendered":"https:\/\/esreviral.com\/?p=21079"},"modified":"2022-07-21T09:35:07","modified_gmt":"2022-07-21T12:35:07","slug":"dos-adolescentes-que-conducian-un-auto-terminaron-en-el-fondo-de-un-lago-en-cordoba","status":"publish","type":"post","link":"https:\/\/esreviral.com\/?p=21079","title":{"rendered":"Dos adolescentes que conduc\u00edan un auto terminaron en el fondo de un lago en C\u00f3rdoba"},"content":{"rendered":"\n<p class=\"has-drop-cap\">Dos adolescentes que conduc\u00edan un veh\u00edculo terminaron&nbsp;<strong>en el fondo del lago Piedras Moras<\/strong>, ubicado a pocos kil\u00f3metros de la localidad de Almafuerte, en C\u00f3rdoba, y tuvieron que ser rescatadas por los Bomberos.&nbsp;El auto, un Renault 19, qued\u00f3 totalmente sumergido en el espejo de agua, seg\u00fan las im\u00e1genes que public\u00f3 el destacamento local en sus redes sociales.<\/p>\n\n\n\n<p>Las menores, de 14 y 16 a\u00f1os,&nbsp;<strong>resultaron ilesas<\/strong>, pero una de ellas tuvo que ser trasladada al a un hospital de la zona, con una crisis de nervios por la ins\u00f3lita y peligrosa situaci\u00f3n que hab\u00eda protagonizado.<\/p>\n\n\n\n<p>El episodio ocurri\u00f3 el martes por la tarde, cuando las adolescentes, \u201cque habr\u00edan arribado solas al lugar y son originarias de esa ciudad, estaban haciendo maniobras\u201d en el sector conocido como \u201cEl Oasis\u201d, en la costa sur del lago, situado en la regi\u00f3n central de la provincia, a unos 100 kil\u00f3metros de la la ciudad de C\u00f3rdoba.<\/p>\n\n\n\n<p>As\u00ed lo explic\u00f3 en declaraciones a medios locales el jefe del cuartel de Bomberos de Almafuerte, Hugo Delgado. \u201cEn un momento,<strong>&nbsp;el auto se fue marcha atr\u00e1s, cay\u00f3 por una barranca y termin\u00f3 totalmente sumergido<\/strong>\u201d, agreg\u00f3.<\/p>\n\n\n\n<p>La conductora y su acompa\u00f1ante pudieron salir por sus propios medios del veh\u00edculo, beneficiadas por la poca profundidad con la que cuenta el lago en el sector del accidente.<\/p>\n\n\n\n<p>Para sacar al autom\u00f3vil del agua, los Bomberos, seg\u00fan informaron oficialmente, destinaron \u201cunidades livianas y pesadas con personal de rescate\u201d. \u201c<strong>Fue una desgracia con suerte<\/strong>\u201d, resumi\u00f3 Delgado.<\/p>\n\n\n\n<p><strong><span style=\"background-color:#a30003\" class=\"td_text_highlight_marker\">Una familia cordobesa, rescatada en la cordillera de Los Andes<\/span><\/strong><\/p>\n\n\n\n<p>Una familia de cordobeses pas\u00f3 tres d\u00edas varada adentro de una camioneta y debajo de la nieve en la cordillera de Los Andes, en la zona de monta\u00f1a de la provincia de Catamarca, hasta que sus integrantes lograron ser rescatados por operarios de una empresa minera que pasaban por el lugar.<\/p>\n\n\n\n<p>Lucio y Daniela, y su hija Agustina, todos oriundos de la ciudad cordobesa de San Francisco, recorr\u00edan la zona de acceso al Balc\u00f3n del Monte Pissis en una camioneta Fiat Toro 4\u00d72 cuando una tormenta de viento y nieve no los dej\u00f3 continuar.<\/p>\n\n\n\n<p>De acuerdo a lo que relat\u00f3 Lucio, la familia hizo el ascenso al lugar sin llegar al pico, recorrieron 70 kil\u00f3metros y decidieron volver cerca de la una de la tarde. \u201cYa est\u00e1bamos regresando al pueblo, el viento blanco empez\u00f3 a bajar la visibilidad y hab\u00eda de golpe tanto volumen de nieve que en 15 minutos tap\u00f3 la tracci\u00f3n de la camioneta\u201d, relat\u00f3 en di\u00e1logo con La Voz.<\/p>\n\n\n\n<p>Atascados y cubiertos por la nieve, los tres integrantes de la familia&nbsp;<strong>pasaron tres d\u00edas completos en medio de la nada<\/strong>. No fue hasta el s\u00e1bado a las cuatro de la tarde que el viento blanco baj\u00f3 su intensidad y dio la oportunidad a operarios de la empresa minera Liex\u2013Zijin, que habitualmente hacen ese recorrido, a que vean una peque\u00f1a parte del veh\u00edculo que no estaba cubierta de nieve.<\/p>\n\n\n\n<p>El operativo de rescate dur\u00f3 40 minutos y los operarios de esa compa\u00f1\u00eda utilizaron primero una m\u00e1quina cargadora y luego despejaron la nieve con palas para no da\u00f1ar el veh\u00edculo en el que estaba la familia.<\/p>\n","protected":false},"excerpt":{"rendered":"<p>Las menores realizaron una mala maniobra y cayeron al espejo de agua, ubicado en la localidad de Almafuerte. Ambas resultaron ilesas.<\/p>\n","protected":false},"author":2,"featured_media":21080,"comment_status":"open","ping_status":"open","sticky":false,"template":"","format":"standard","meta":{"jnews-multi-image_gallery":[],"jnews_single_post":[],"jnews_primary_category":[],"jnews_social_meta":[],"jnews_review":[],"enable_review":"","type":"","name":"","summary":"","brand":"","sku":"","good":[],"bad":[],"score_override":"","override_value":"","rating":[],"price":[],"jnews_override_counter":[],"jnews_post_split":[],"footnotes":""},"categories":[64],"tags":[44,3361,898,3362,45,65],"class_list":["post-21079","post","type-post","status-publish","format-standard","has-post-thumbnail","hentry","category-sucesos","tag-argentina","tag-auto","tag-cordoba","tag-lago","tag-noticias","tag-sucesos"],"amp_enabled":true,"_links":{"self":[{"href":"https:\/\/esreviral.com\/index.php?rest_route=\/wp\/v2\/posts\/21079"}],"collection":[{"href":"https:\/\/esreviral.com\/index.php?rest_route=\/wp\/v2\/posts"}],"about":[{"href":"https:\/\/esreviral.com\/index.php?rest_route=\/wp\/v2\/types\/post"}],"author":[{"embeddable":true,"href":"https:\/\/esreviral.com\/index.php?rest_route=\/wp\/v2\/users\/2"}],"replies":[{"embeddable":true,"href":"https:\/\/esreviral.com\/index.php?rest_route=%2Fwp%2Fv2%2Fcomments&post=21079"}],"version-history":[{"count":0,"href":"https:\/\/esreviral.com\/index.php?rest_route=\/wp\/v2\/posts\/21079\/revisions"}],"wp:featuredmedia":[{"embeddable":true,"href":"https:\/\/esreviral.com\/index.php?rest_route=\/"}],"wp:attachment":[{"href":"https:\/\/esreviral.com\/index.php?rest_route=%2Fwp%2Fv2%2Fmedia&parent=21079"}],"wp:term":[{"taxonomy":"category","embeddable":true,"href":"https:\/\/esreviral.com\/index.php?rest_route=%2Fwp%2Fv2%2Fcategories&post=21079"},{"taxonomy":"post_tag","embeddable":true,"href":"https:\/\/esreviral.com\/index.php?rest_route=%2Fwp%2Fv2%2Ftags&post=21079"}],"curies":[{"name":"wp","href":"https:\/\/api.w.org\/{rel}","templated":true}]}}