{"id":21076,"date":"2022-07-21T09:06:39","date_gmt":"2022-07-21T12:06:39","guid":{"rendered":"https:\/\/esreviral.com\/?p=21076"},"modified":"2022-07-21T09:06:39","modified_gmt":"2022-07-21T12:06:39","slug":"nadie-nos-consulto-del-aumento-del-precio-del-transporte-horacio-rodriguez-larreta-jefe-de-gobierno-de-caba","status":"publish","type":"post","link":"https:\/\/esreviral.com\/?p=21076","title":{"rendered":"\u00abNadie nos consult\u00f3 del aumento del precio del transporte\u00bb: Horacio Rodr\u00edguez Larreta, jefe de Gobierno de CABA"},"content":{"rendered":"\n<p><strong><em>CIS.- <\/em><\/strong>El Jefe de Gobierno de la Ciudad Aut\u00f3noma de Buenos Aires, Horacio Rodr\u00edguez Larreta, se pronunci\u00f3 respecto al <\/p>\n\n\n\n<p>\u00abNadie nos contact\u00f3 para ning\u00fan consenso. Primero p\u00f3nganse de acuerdo ellos, esto siembra incertidumbre en la gente pero ellos no tienen un plan sino peleas\u00bb, explic\u00f3 el alcalde. <\/p>\n\n\n\n<p>Tambi\u00e9n se refiri\u00f3 al tema econ\u00f3mico de la naci\u00f3n. \u00abUna inflaci\u00f3n galopante, ya la duda no es c\u00f3mo llegamos a fin de mes sino a fin de semana. Los comercios no saben qu\u00e9 hacer. Hasta ahora en dos a\u00f1os y medio de gobierno ha habido ninguna vocaci\u00f3n de consenso o di\u00e1logo\u00bb.<\/p>\n\n\n\n<p>Por su parte, el ministro de contacto con el AMBA, Jorge Macri, reiter\u00f3 que no fueron consultados de este aumento, \u00abevaluaremos con mucha responsabilidad. Nos enteramos como todos ustedes\u00bb. <\/p>\n\n\n\n<p>Lea tambi\u00e9n: <\/p>\n\n\n\n<figure class=\"wp-block-embed is-type-rich is-provider-twitter wp-block-embed-twitter\"><div class=\"wp-block-embed__wrapper\">\n<blockquote class=\"twitter-tweet\" data-width=\"500\" data-dnt=\"true\"><p lang=\"es\" dir=\"ltr\">VIVO | Junto al equipo presentamos los nuevos canales de denuncia de la Ciudad. <a href=\"https:\/\/t.co\/9ACmY6olit\">https:\/\/t.co\/9ACmY6olit<\/a><\/p>&mdash; Horacio Rodr\u00edguez Larreta (@horaciorlarreta) <a href=\"https:\/\/twitter.com\/horaciorlarreta\/status\/1550085588417658882?ref_src=twsrc%5Etfw\">July 21, 2022<\/a><\/blockquote><script async src=\"https:\/\/platform.twitter.com\/widgets.js\" charset=\"utf-8\"><\/script>\n<\/div><\/figure>\n\n\n\n<p><\/p>\n","protected":false},"excerpt":{"rendered":"<p>CIS.- El Jefe de Gobierno de la Ciudad Aut\u00f3noma de Buenos Aires, Horacio Rodr\u00edguez Larreta, se pronunci\u00f3 respecto al \u00abNadie nos contact\u00f3 para ning\u00fan consenso. Primero p\u00f3nganse de acuerdo ellos, esto siembra incertidumbre en la gente pero ellos no tienen un plan sino peleas\u00bb, explic\u00f3 el alcalde. Tambi\u00e9n se refiri\u00f3 al tema econ\u00f3mico de la [&hellip;]<\/p>\n","protected":false},"author":2,"featured_media":21081,"comment_status":"open","ping_status":"open","sticky":false,"template":"","format":"standard","meta":{"jnews-multi-image_gallery":[],"jnews_single_post":[],"jnews_primary_category":[],"jnews_social_meta":[],"jnews_review":[],"enable_review":"","type":"","name":"","summary":"","brand":"","sku":"","good":[],"bad":[],"score_override":"","override_value":"","rating":[],"price":[],"jnews_override_counter":[],"jnews_post_split":[],"footnotes":""},"categories":[58],"tags":[],"class_list":["post-21076","post","type-post","status-publish","format-standard","has-post-thumbnail","hentry","category-argentina"],"amp_enabled":true,"_links":{"self":[{"href":"https:\/\/esreviral.com\/index.php?rest_route=\/wp\/v2\/posts\/21076"}],"collection":[{"href":"https:\/\/esreviral.com\/index.php?rest_route=\/wp\/v2\/posts"}],"about":[{"href":"https:\/\/esreviral.com\/index.php?rest_route=\/wp\/v2\/types\/post"}],"author":[{"embeddable":true,"href":"https:\/\/esreviral.com\/index.php?rest_route=\/wp\/v2\/users\/2"}],"replies":[{"embeddable":true,"href":"https:\/\/esreviral.com\/index.php?rest_route=%2Fwp%2Fv2%2Fcomments&post=21076"}],"version-history":[{"count":0,"href":"https:\/\/esreviral.com\/index.php?rest_route=\/wp\/v2\/posts\/21076\/revisions"}],"wp:featuredmedia":[{"embeddable":true,"href":"https:\/\/esreviral.com\/index.php?rest_route=\/"}],"wp:attachment":[{"href":"https:\/\/esreviral.com\/index.php?rest_route=%2Fwp%2Fv2%2Fmedia&parent=21076"}],"wp:term":[{"taxonomy":"category","embeddable":true,"href":"https:\/\/esreviral.com\/index.php?rest_route=%2Fwp%2Fv2%2Fcategories&post=21076"},{"taxonomy":"post_tag","embeddable":true,"href":"https:\/\/esreviral.com\/index.php?rest_route=%2Fwp%2Fv2%2Ftags&post=21076"}],"curies":[{"name":"wp","href":"https:\/\/api.w.org\/{rel}","templated":true}]}}