{"id":21075,"date":"2022-07-21T08:59:57","date_gmt":"2022-07-21T11:59:57","guid":{"rendered":"https:\/\/esreviral.com\/?p=21075"},"modified":"2022-07-21T08:59:57","modified_gmt":"2022-07-21T11:59:57","slug":"el-primer-ministro-italiano-mario-draghi-confirmo-su-renuncia-irrevocable","status":"publish","type":"post","link":"https:\/\/esreviral.com\/?p=21075","title":{"rendered":"El primer ministro italiano Mario Draghi confirm\u00f3 su renuncia irrevocable"},"content":{"rendered":"\n<p class=\"has-drop-cap\">En un\u00a0<strong>clima pol\u00edtico tormentoso<\/strong>\u00a0por el golpe de las derechas que integraban la coalici\u00f3n del gobierno de unidad nacional, que dur\u00f3 17 meses, el primer ministro italiano Mario Draghi p<strong>resent\u00f3 esta ma\u00f1ana su renuncia irrevocable<\/strong>\u00a0al presidente de la Rep\u00fablica, Sergio Mattarella.<\/p>\n\n\n\n<p>La m\u00e1s probable consecuencia es que Mattarella disuelva las C\u00e1maras y convoque a&nbsp;<strong>elecciones generales anticipadas<\/strong>&nbsp;entre el 25 de septiembre y el 2 de octubre. Adem\u00e1s, pedir\u00e1 a Draghi que contin\u00fae al frente de un gobierno con poderes reducidos a los asuntos corrientes.<\/p>\n\n\n\n<p>Mario Draghi se present\u00f3 esta ma\u00f1ana a la C\u00e1mara de Diputados convocada para un voto de confianza, tras la jornada de extrema confusi\u00f3n que se vivi\u00f3 ayer en el Senado.<\/p>\n\n\n\n<p>Es paradojal que Draghi no recibi\u00f3 nunca un voto de desconfianza, pero desde ayer tras la jornada \u201cde locura\u201d que se vivi\u00f3 en el Senado, su suerte\u00a0<strong>estaba echada<\/strong>.<\/p>\n\n\n\n<figure class=\"wp-block-image size-large\"><img decoding=\"async\" src=\"https:\/\/www.clarin.com\/img\/2022\/07\/21\/la-camara-baja-italiana-despide___DwY-6R5sJ_720x0__1.jpg\" alt=\"\"\/><\/figure>\n\n\n\n<p>Draghi hab\u00eda renunciado hace una semana despu\u00e9s que el populista Movimiento 5 Estrellas se neg\u00f3 a votarle la confianza alegando que el primer ministro no respond\u00eda a sus demandas en nueve puntos, sobre varios problemas sociales.<\/p>\n\n\n\n<p>Ayer, mi\u00e9rcoles, lo que Draghi no esperaba es que los dos partidos de derecha que forman parte de su coalici\u00f3n<strong>&nbsp;se negaran a darle la confianza<\/strong>&nbsp;y reclamaran un nuevo modelo de gobierno, siempre presidido por el primer ministro, pero que excluyera a varios ministros actuales, del \u00e1rea progresista y con un nuevo programa.<\/p>\n\n\n\n<p>La crisis se abri\u00f3 as\u00ed en medio de una de las bataholas m\u00e1s grandes que se recuerdan en los 70 a\u00f1os de vida del parlamento republicano.<\/p>\n\n\n\n<figure class=\"wp-block-image size-large\"><img decoding=\"async\" src=\"https:\/\/www.clarin.com\/img\/2022\/07\/21\/draghi-deja-de-ser-primer___-ha0-PnOp_720x0__1.jpg\" alt=\"\"\/><\/figure>\n\n\n\n<p>Solo 95 senadores votaron afirmativamente en el voto de confianza. Tres partidos importantes se negaron a participar de la votaci\u00f3n.<\/p>\n\n\n\n<p>Hoy a la ma\u00f1ana Draghi se present\u00f3 ante la C\u00e1mara de Diputados, que lo acogi\u00f3 con una ovaci\u00f3n de gritos y aplausos de la mayoria de los parlamentarios.<\/p>\n\n\n\n<p>Emocionado, Draghi respondi\u00f3 con un chiste. Dijo que \u201clos banqueros centrales a veces usan el coraz\u00f3n\u201d, prolongando el chiste que hizo en una cena a los corresponsales extranjeros en los que cont\u00f3 que un hombre que necesitaba un trasplante al coraz\u00f3n, entre el de un joven y un viejo banquero eligi\u00f3 a este \u00faltimo: porque el coraz\u00f3n no lo usa.<\/p>\n\n\n\n<p>A continuaci\u00f3n dijo que se dirig\u00eda al Palacio del Quirinal para informar su \u201cdeterminaci\u00f3n\u201d al jefe del Estado. Tras renunciar ante Mattarella, regres\u00f3 a la C\u00e1mara de Diputados e inform\u00f3 de su decisi\u00f3n irrevocable.<\/p>\n\n\n\n<p class=\"has-text-align-right\"><strong><em>Clarin.-<\/em><\/strong><\/p>\n","protected":false},"excerpt":{"rendered":"<p>La decisi\u00f3n abre el camino a elecciones generales anticipadas, entre fines de septiembre y comienzos de octubre.<\/p>\n","protected":false},"author":2,"featured_media":21077,"comment_status":"open","ping_status":"open","sticky":false,"template":"","format":"standard","meta":{"jnews-multi-image_gallery":[],"jnews_single_post":[],"jnews_primary_category":[],"jnews_social_meta":[],"jnews_review":[],"enable_review":"","type":"","name":"","summary":"","brand":"","sku":"","good":[],"bad":[],"score_override":"","override_value":"","rating":[],"price":[],"jnews_override_counter":[],"jnews_post_split":[],"footnotes":""},"categories":[88],"tags":[943,3359,45,3074,3360],"class_list":["post-21075","post","type-post","status-publish","format-standard","has-post-thumbnail","hentry","category-internacionales","tag-italia","tag-mario-draghi","tag-noticias","tag-primer-ministro","tag-renuncia-irrevocable"],"amp_enabled":true,"_links":{"self":[{"href":"https:\/\/esreviral.com\/index.php?rest_route=\/wp\/v2\/posts\/21075"}],"collection":[{"href":"https:\/\/esreviral.com\/index.php?rest_route=\/wp\/v2\/posts"}],"about":[{"href":"https:\/\/esreviral.com\/index.php?rest_route=\/wp\/v2\/types\/post"}],"author":[{"embeddable":true,"href":"https:\/\/esreviral.com\/index.php?rest_route=\/wp\/v2\/users\/2"}],"replies":[{"embeddable":true,"href":"https:\/\/esreviral.com\/index.php?rest_route=%2Fwp%2Fv2%2Fcomments&post=21075"}],"version-history":[{"count":0,"href":"https:\/\/esreviral.com\/index.php?rest_route=\/wp\/v2\/posts\/21075\/revisions"}],"wp:featuredmedia":[{"embeddable":true,"href":"https:\/\/esreviral.com\/index.php?rest_route=\/"}],"wp:attachment":[{"href":"https:\/\/esreviral.com\/index.php?rest_route=%2Fwp%2Fv2%2Fmedia&parent=21075"}],"wp:term":[{"taxonomy":"category","embeddable":true,"href":"https:\/\/esreviral.com\/index.php?rest_route=%2Fwp%2Fv2%2Fcategories&post=21075"},{"taxonomy":"post_tag","embeddable":true,"href":"https:\/\/esreviral.com\/index.php?rest_route=%2Fwp%2Fv2%2Ftags&post=21075"}],"curies":[{"name":"wp","href":"https:\/\/api.w.org\/{rel}","templated":true}]}}