{"id":21072,"date":"2022-07-21T08:50:12","date_gmt":"2022-07-21T11:50:12","guid":{"rendered":"https:\/\/esreviral.com\/?p=21072"},"modified":"2022-07-21T08:50:12","modified_gmt":"2022-07-21T11:50:12","slug":"continua-reducido-el-servicio-de-colectivos-en-el-amba","status":"publish","type":"post","link":"https:\/\/esreviral.com\/?p=21072","title":{"rendered":"Contin\u00faa reducido el servicio de colectivos en el AMBA"},"content":{"rendered":"\n<p class=\"has-drop-cap\">M\u00e1s de cien l\u00edneas de colectivos de la ciudad de Buenos Aires y el conurbano bonaerense continuaban este jueves, por tercer d\u00eda consecutivo, con la reducci\u00f3n en las frecuencias del servicio en reclamo por el retraso en el pago de subsidios de las tarifas, lo que generaba inconvenientes a los pasajeros que se desplazan a sus trabajos en hora pico.<\/p>\n\n\n\n<p><strong>La medida de fuerza comenz\u00f3 el martes a las 0&nbsp;<\/strong>por parte de las l\u00edneas agrupadas en la C\u00e1mara Empresaria de Autotransporte de Pasajeros (CEAP), la C\u00e1mara Empresaria del Transporte Urbano de Buenos Aires (Cetuba) y la C\u00e1mara de Transporte de la Provincia de Buenos Aires (Ctpba) y se extiende por tiempo indeterminado.<\/p>\n\n\n\n<p>Este mi\u00e9rcoles por la ma\u00f1ana, autoridades del Ministerio de Transporte y representantes de las c\u00e1maras del transporte automotor de pasajeros se reunieron para buscar una soluci\u00f3n a la situaci\u00f3n generada por el atraso en el pago de los subsidios.<\/p>\n\n\n\n<p><strong>Las empresas reclaman compensaciones adeudadas por 18.000 millones de pesos y advierten que el valor del boleto sin subsidio deber\u00eda ubicarse en los 150 pesos.<\/strong><\/p>\n\n\n\n<p>Fuentes gubernamentales dijeron a T\u00e9lam que \u201cfue un di\u00e1logo con buena predisposici\u00f3n de ambas partes\u201d y que<strong>&nbsp;se est\u00e1n buscando \u00ablas herramientas necesarias para que se pueda garantizar el servicio al usuario y no encuentre inconvenientes\u00bb.<\/strong><\/p>\n\n\n\n<p>Sin embargo, desde el sector empresario declararon que no hubo acuerdo con el Gobierno y confirmaron que seguir\u00e1n las demoras en los servicios: \u00abEl conflicto no se destraba, ambas partes se comprometen para seguir conversando\u00bb, se\u00f1al\u00f3 Mario Vacca, de la C\u00e1mara Empresaria del Transporte Urbano (Cetuba).<\/p>\n\n\n\n<p>Esta ma\u00f1ana&nbsp;<strong>se repitieron demoras y largas filas en lugares neur\u00e1lgicos como las estaciones ferroviarias de Constituci\u00f3n, Chacarita, Once y Liniers, que son enlace de pasajeros del \u00e1rea metropolitana.<\/strong><\/p>\n\n\n\n<p>Pero, seg\u00fan declararon varios pasajeros en canales de televisi\u00f3n,\u00a0<strong>las demoras son menores que en las ma\u00f1anas precedentes y el mayor problema se registran por la tarde, en el horario de regreso a las viviendas tras la jornada laboral.<\/strong><\/p>\n\n\n\n<p class=\"has-text-align-right\"><em><strong>Telam.-<\/strong><\/em><\/p>\n","protected":false},"excerpt":{"rendered":"<p>A pesar de la reuni\u00f3n que mantuvieron las partes involucradas en el conflicto, la medida que afecta el servicio de m\u00e1s de cien l\u00edneas, contin\u00faa afectando a miles de usuarios del conurbano bonaerese.<\/p>\n","protected":false},"author":2,"featured_media":21073,"comment_status":"open","ping_status":"open","sticky":false,"template":"","format":"standard","meta":{"jnews-multi-image_gallery":[],"jnews_single_post":[],"jnews_primary_category":[],"jnews_social_meta":[],"jnews_review":[],"enable_review":"","type":"","name":"","summary":"","brand":"","sku":"","good":[],"bad":[],"score_override":"","override_value":"","rating":[],"price":[],"jnews_override_counter":[],"jnews_post_split":[],"footnotes":""},"categories":[58],"tags":[44,2143,2512,45,2090,2503,2125],"class_list":["post-21072","post","type-post","status-publish","format-standard","has-post-thumbnail","hentry","category-argentina","tag-argentina","tag-colectivos","tag-conurbano-bonaerense","tag-noticias","tag-subsidios","tag-transporte","tag-trenes"],"amp_enabled":true,"_links":{"self":[{"href":"https:\/\/esreviral.com\/index.php?rest_route=\/wp\/v2\/posts\/21072"}],"collection":[{"href":"https:\/\/esreviral.com\/index.php?rest_route=\/wp\/v2\/posts"}],"about":[{"href":"https:\/\/esreviral.com\/index.php?rest_route=\/wp\/v2\/types\/post"}],"author":[{"embeddable":true,"href":"https:\/\/esreviral.com\/index.php?rest_route=\/wp\/v2\/users\/2"}],"replies":[{"embeddable":true,"href":"https:\/\/esreviral.com\/index.php?rest_route=%2Fwp%2Fv2%2Fcomments&post=21072"}],"version-history":[{"count":0,"href":"https:\/\/esreviral.com\/index.php?rest_route=\/wp\/v2\/posts\/21072\/revisions"}],"wp:featuredmedia":[{"embeddable":true,"href":"https:\/\/esreviral.com\/index.php?rest_route=\/"}],"wp:attachment":[{"href":"https:\/\/esreviral.com\/index.php?rest_route=%2Fwp%2Fv2%2Fmedia&parent=21072"}],"wp:term":[{"taxonomy":"category","embeddable":true,"href":"https:\/\/esreviral.com\/index.php?rest_route=%2Fwp%2Fv2%2Fcategories&post=21072"},{"taxonomy":"post_tag","embeddable":true,"href":"https:\/\/esreviral.com\/index.php?rest_route=%2Fwp%2Fv2%2Ftags&post=21072"}],"curies":[{"name":"wp","href":"https:\/\/api.w.org\/{rel}","templated":true}]}}