{"id":21069,"date":"2022-07-21T08:42:44","date_gmt":"2022-07-21T11:42:44","guid":{"rendered":"https:\/\/esreviral.com\/?p=21069"},"modified":"2022-07-21T08:42:44","modified_gmt":"2022-07-21T11:42:44","slug":"fuerte-caida-de-las-reservas-de-viajes-hacia-el-exterior-tras-el-aumento-de-35-a-45-del-recargo-sobre-dolar-turista","status":"publish","type":"post","link":"https:\/\/esreviral.com\/?p=21069","title":{"rendered":"Fuerte ca\u00edda de las reservas de viajes hacia el exterior tras el aumento de 35% a 45% del recargo sobre d\u00f3lar turista"},"content":{"rendered":"\n<p class=\"has-drop-cap\">Luego de que el Gobierno intensificara las restricciones cambiarias para el turismo hacia el exterior y para los gastos en d\u00f3lares fuera del pa\u00eds, hay que recordar que\u00a0la Administraci\u00f3n Federal de Ingresos P\u00fablicos elev\u00f3 del 35% al 45% la retenci\u00f3n impositiva para quienes hagan gastos en moneda extranjera con tarjeta de cr\u00e9dito,\u00a0<strong>la demanda de viajes al exterior se desplom\u00f3<\/strong>, seg\u00fan aseguran fuentes del sector tur\u00edstico privado.<\/p>\n\n\n\n<p>Voceros de Travel Services aseguran que la demanda para viajar hacia el exterior cay\u00f3 en un 55% durante los d\u00edas posteriores a la nuevas medidas impulsadas por el Ministerio de Econom\u00eda. \u201cNo podemos dar certezas de que va a continuar de esta manera, pero tampoco vamos a decir que no pas\u00f3 nada\u201d, puntualizan desde la agencia de viajes.<\/p>\n\n\n\n<p>Sumado a ello, la agencia de viajes afirma que, en promedio,<strong>\u00a0los pasajes a\u00e9reos desde la Argentina hacia el exterior subieron en un 7 por ciento<\/strong>\u00a0desde que la percepci\u00f3n para gastos en d\u00f3lares con tarjeta de cr\u00e9dito subi\u00f3 un 10%. \u201cEn destinos como los\u00a0<strong>Estados Unidos la suba llega a ser del 10 por ciento, mientras que hacia Madrid del 6,5<\/strong>\u00a0por ciento\u201d, remarcaron las fuentes.<\/p>\n\n\n\n<p><img fetchpriority=\"high\" decoding=\"async\" height=\"1079\" width=\"1920\" srcset=\"https:\/\/www.infobae.com\/new-resizer\/W9PQyIAviyJQU-WAIDkLoJTD5rg=\/420x236\/filters:format(webp):quality(85)\/cloudfront-us-east-1.images.arcpublishing.com\/infobae\/2DV5MNQTKRFYBBJB5OYZLWG2IM.jpg 420w,https:\/\/www.infobae.com\/new-resizer\/x_AfDtMrOC55wsaTIQTWS1yksNk=\/768x432\/filters:format(webp):quality(85)\/cloudfront-us-east-1.images.arcpublishing.com\/infobae\/2DV5MNQTKRFYBBJB5OYZLWG2IM.jpg 768w,https:\/\/www.infobae.com\/new-resizer\/8CTKXLa3cg_goJJq08cAP0mdV3g=\/992x558\/filters:format(webp):quality(85)\/cloudfront-us-east-1.images.arcpublishing.com\/infobae\/2DV5MNQTKRFYBBJB5OYZLWG2IM.jpg 992w,https:\/\/www.infobae.com\/new-resizer\/3oF8vSgG1P3_N49ZHnlvg6wyj2Q=\/1200x675\/filters:format(webp):quality(85)\/cloudfront-us-east-1.images.arcpublishing.com\/infobae\/2DV5MNQTKRFYBBJB5OYZLWG2IM.jpg 1200w,https:\/\/www.infobae.com\/new-resizer\/NLeK_bJcziZAFylXGDxDR_pBQvg=\/1440x810\/filters:format(webp):quality(85)\/cloudfront-us-east-1.images.arcpublishing.com\/infobae\/2DV5MNQTKRFYBBJB5OYZLWG2IM.jpg 1440w\" alt=\"Seg\u00fan fuentes del sector tur\u00edstico privado, la demanda de viajes hacia destinos internacionales cae tras las restricciones del Gobierno\" class=\"\" src=\"https:\/\/cloudfront-us-east-1.images.arcpublishing.com\/infobae\/2DV5MNQTKRFYBBJB5OYZLWG2IM.jpg\">Seg\u00fan fuentes del sector tur\u00edstico privado, la demanda de viajes hacia destinos internacionales cae tras las restricciones del Gobierno<\/p>\n\n\n\n<p>En tanto, fuentes de Despegar coincidieron al decir que&nbsp;<strong>\u201cen los \u00faltimos d\u00edas pudimos observar una ca\u00edda en los niveles de ventas de algunos de los destinos tur\u00edsticos m\u00e1s elegidos por los argentinos, como Miami, Madrid y R\u00edo de Janeiro\u201d<\/strong>.<\/p>\n\n\n\n<p>\u201cLas medidas desalientan a los argentinos a viajar por las cargas impositivas y los cambios constantes que afectan al turismo. Anuncios como el del alza del d\u00f3lar turista hacen que la presi\u00f3n fiscal que se le impone a la industria supere el 80% ya que al impuesto pa\u00eds y al 30% se le deben sumar otras cargas como el impuesto de la Direcci\u00f3n Nacional de Turismo, tasas (municipales, aeropuertos y otras), impuesto al cheque, IVA e Ingresos Brutos\u201d, sostuvo Paula Cristi, Gerente General de Despegar para Argentina y Uruguay.<\/p>\n\n\n\n<p>En cuanto al aumento de precios, la agencia Despegar afirma que&nbsp;<strong>el aumento de la percepci\u00f3n afecta \u00fanicamente a la tarifa<\/strong>, quedando exentos del c\u00e1lculo los dem\u00e1s impuestos y tasas aplicables sobre los tickets a\u00e9reos internacionales.<strong>&nbsp;\u201cEl aumento recientemente informado de 10 puntos porcentuales representa aproximadamente un 6% en aumento del precio final del pasaje a\u00e9reo\u201d<\/strong>, aseguran.<\/p>\n\n\n\n<p>Adem\u00e1s, desde la Asociaci\u00f3n Internacional de Transporte A\u00e9reo (IATA) afirmaron que&nbsp;<strong>los tickets a\u00e9reos aumentar\u00e1n debido al alto precio de los combustibles<\/strong>&nbsp;ya que es inevitable que esto no impacte en los boletos.<\/p>\n\n\n\n<p>Fuentes del sector dijeron a\u00a0<strong>Infobae\u00a0<\/strong>que se est\u00e1 dando un\u00a0<strong>\u201ccombo tremendo\u201d<\/strong>. Detallan que la combinaci\u00f3n del aumento impositivo, la suba del precio de los combustibles en todo el mundo, y la crisis que le toca vivir a los argentinos generan un a realidad compleja, con\u00a0<strong>los precios de los a\u00e9reos internacionales en franca alza<\/strong>.<\/p>\n\n\n\n<p><img decoding=\"async\" height=\"1080\" width=\"1920\" srcset=\"https:\/\/www.infobae.com\/new-resizer\/uVWE8QkVEhNrWBLAAo6TKJiaG_s=\/420x236\/filters:format(webp):quality(85)\/cloudfront-us-east-1.images.arcpublishing.com\/infobae\/3W3RPRUZ6VC5ZKENCBFDSTSBWE.jpg 420w,https:\/\/www.infobae.com\/new-resizer\/ihZm8i2dRwreVUAxUeR3JRv5qwY=\/768x432\/filters:format(webp):quality(85)\/cloudfront-us-east-1.images.arcpublishing.com\/infobae\/3W3RPRUZ6VC5ZKENCBFDSTSBWE.jpg 768w,https:\/\/www.infobae.com\/new-resizer\/7lO1VgMNfWIQDPjFJgKcykTPOEs=\/992x558\/filters:format(webp):quality(85)\/cloudfront-us-east-1.images.arcpublishing.com\/infobae\/3W3RPRUZ6VC5ZKENCBFDSTSBWE.jpg 992w,https:\/\/www.infobae.com\/new-resizer\/B0vlYiUKGvd5x2vOvXHJyKL1aXA=\/1200x675\/filters:format(webp):quality(85)\/cloudfront-us-east-1.images.arcpublishing.com\/infobae\/3W3RPRUZ6VC5ZKENCBFDSTSBWE.jpg 1200w,https:\/\/www.infobae.com\/new-resizer\/njYysmrDElgWMhmr3E8eGPRKOR4=\/1440x810\/filters:format(webp):quality(85)\/cloudfront-us-east-1.images.arcpublishing.com\/infobae\/3W3RPRUZ6VC5ZKENCBFDSTSBWE.jpg 1440w\" alt=\"Mientras tanto, los n\u00fameros del turismo interno se mantienen y hasta se benefician del &quot;efecto rebote&quot;. (Cr\u00e9dito: Prensa Ministerio de Turismo y Deportes)\" class=\"\" src=\"https:\/\/cloudfront-us-east-1.images.arcpublishing.com\/infobae\/3W3RPRUZ6VC5ZKENCBFDSTSBWE.jpg\">Mientras tanto, los n\u00fameros del turismo interno se mantienen y hasta se benefician del \u00abefecto rebote\u00bb. (Cr\u00e9dito: Prensa Ministerio de Turismo y Deportes)<\/p>\n\n\n\n<p>Mientras tanto, el turismo interno parece no sentir impactos negativos. De hecho,&nbsp;<strong>Andr\u00e9s Deya<\/strong>, vicepresidente de la Federaci\u00f3n Argentina de Asociaciones de Empresas de Viajes y Turismo (Faevyt) remarc\u00f3 que los destinos nacionales est\u00e1n registrando muy buenos n\u00fameros.<\/p>\n\n\n\n<p>Seg\u00fan el experto, se debe a diversos factores. Por un lado se est\u00e1 dando un&nbsp;<strong>efecto rebote<\/strong>&nbsp;de las medidas del Gobierno que encauzan flujos de dinero hacia dentro, en vez de sacarlos fuera del pa\u00eds.&nbsp;<strong>Quienes estaban pensando en, por ejemplo, viajar a Europa, prefieren hacerlo hacia Mendoza o Salta<\/strong>, por imaginar algunos puntos de inter\u00e9s locales.<\/p>\n\n\n\n<p>Por otra parte, las vacaciones de invierno ya est\u00e1n sucediendo, y los argentinos ya hab\u00edan reservado sus vacaciones con anticipaci\u00f3n. Tal como lo detall\u00f3 este medio,\u00a0las reservas en el pa\u00eds muestran un 15% de aumento en comparaci\u00f3n con la prepandemia.<\/p>\n\n\n\n<p>Otro factor que entra en juego es la\u00a0<strong>expectativa por el Previaje<\/strong>, seg\u00fan Deya, muchos argentinos est\u00e1n esperando el anuncio oficial del programa de promoci\u00f3n tur\u00edstica para aprovecharlo durante la temporada media y baja de primavera. Esta demanda contenida tambi\u00e9n tiene en vilo a los prestadores que se inscribieron en masa cuando se abrieron los registros.<\/p>\n\n\n\n<p class=\"has-text-align-right\">I<strong><em>nfobae.-<\/em><\/strong><\/p>\n","protected":false},"excerpt":{"rendered":"<p>Agencias de viaje aseguran que la demanda hacia afuera se fren\u00f3 y que los pasajes a\u00e9reos aumentan de precio<\/p>\n","protected":false},"author":2,"featured_media":21070,"comment_status":"open","ping_status":"open","sticky":false,"template":"","format":"standard","meta":{"jnews-multi-image_gallery":[],"jnews_single_post":[],"jnews_primary_category":[],"jnews_social_meta":[],"jnews_review":[],"enable_review":"","type":"","name":"","summary":"","brand":"","sku":"","good":[],"bad":[],"score_override":"","override_value":"","rating":[],"price":[],"jnews_override_counter":[],"jnews_post_split":[],"footnotes":""},"categories":[61],"tags":[2724,44,45,3358,332,46],"class_list":["post-21069","post","type-post","status-publish","format-standard","has-post-thumbnail","hentry","category-economia","tag-agencia-de-viajes","tag-argentina","tag-noticias","tag-pasajes","tag-turismo","tag-vuelos"],"amp_enabled":true,"_links":{"self":[{"href":"https:\/\/esreviral.com\/index.php?rest_route=\/wp\/v2\/posts\/21069"}],"collection":[{"href":"https:\/\/esreviral.com\/index.php?rest_route=\/wp\/v2\/posts"}],"about":[{"href":"https:\/\/esreviral.com\/index.php?rest_route=\/wp\/v2\/types\/post"}],"author":[{"embeddable":true,"href":"https:\/\/esreviral.com\/index.php?rest_route=\/wp\/v2\/users\/2"}],"replies":[{"embeddable":true,"href":"https:\/\/esreviral.com\/index.php?rest_route=%2Fwp%2Fv2%2Fcomments&post=21069"}],"version-history":[{"count":0,"href":"https:\/\/esreviral.com\/index.php?rest_route=\/wp\/v2\/posts\/21069\/revisions"}],"wp:featuredmedia":[{"embeddable":true,"href":"https:\/\/esreviral.com\/index.php?rest_route=\/"}],"wp:attachment":[{"href":"https:\/\/esreviral.com\/index.php?rest_route=%2Fwp%2Fv2%2Fmedia&parent=21069"}],"wp:term":[{"taxonomy":"category","embeddable":true,"href":"https:\/\/esreviral.com\/index.php?rest_route=%2Fwp%2Fv2%2Fcategories&post=21069"},{"taxonomy":"post_tag","embeddable":true,"href":"https:\/\/esreviral.com\/index.php?rest_route=%2Fwp%2Fv2%2Ftags&post=21069"}],"curies":[{"name":"wp","href":"https:\/\/api.w.org\/{rel}","templated":true}]}}