{"id":21049,"date":"2022-07-20T16:55:52","date_gmt":"2022-07-20T19:55:52","guid":{"rendered":"https:\/\/esreviral.com\/?p=21049"},"modified":"2022-07-20T16:55:52","modified_gmt":"2022-07-20T19:55:52","slug":"el-expresidente-macri-estuvo-en-la-localidad-bonaerense-de-ituzaingo","status":"publish","type":"post","link":"https:\/\/esreviral.com\/?p=21049","title":{"rendered":"El expresidente Macri estuvo en la localidad bonaerense de Ituzaing\u00f3"},"content":{"rendered":"\n<p>El expresidente Mauricio Macri visit\u00f3 hoy la localidad de&nbsp;Ituzaing\u00f3 donde recorri\u00f3 diferentes comercios de la zona y convers\u00f3 con vecinos. Adem\u00e1s, junto a Gast\u00f3n Di Castelnuovo, compartieron un encuentro en el local del PRO, y recorrieron una f\u00e1brica de alimentos.<\/p>\n\n\n\n<figure class=\"wp-block-image size-large\"><img decoding=\"async\" src=\"https:\/\/ci3.googleusercontent.com\/proxy\/mSjOSnJelojaoIXJrQLcpGFSZ3dwfedR-lu5-0ZTqo8WH66IF1jMi7qZ7-DpV9xvbElX58CYzuAyHzFlT2qgIellMTgMa7M0ns_YKqUVbUdDt_8ot6LyBPGDr-N8FpPXHen9ZDK6FUxwK24ucp6eOGQxUnhTquw=s0-d-e1-ft#https:\/\/mcusercontent.com\/a1f5581edc5237c38c0c6e1af\/images\/ce3bdcbc-1efa-55c6-b15b-d1a6e585c25e.jpeg\" alt=\"\"\/><\/figure>\n","protected":false},"excerpt":{"rendered":"<p>El expresidente Mauricio Macri visit\u00f3 hoy la localidad de&nbsp;Ituzaing\u00f3 donde recorri\u00f3 diferentes comercios de la zona y convers\u00f3 con vecinos. Adem\u00e1s, junto a Gast\u00f3n Di Castelnuovo, compartieron un encuentro en el local del PRO, y recorrieron una f\u00e1brica de alimentos.<\/p>\n","protected":false},"author":2,"featured_media":21050,"comment_status":"open","ping_status":"open","sticky":false,"template":"","format":"standard","meta":{"jnews-multi-image_gallery":[],"jnews_single_post":[],"jnews_primary_category":[],"jnews_social_meta":[],"jnews_review":[],"enable_review":"","type":"","name":"","summary":"","brand":"","sku":"","good":[],"bad":[],"score_override":"","override_value":"","rating":[],"price":[],"jnews_override_counter":[],"jnews_post_split":[],"footnotes":""},"categories":[59],"tags":[950,45,3352],"class_list":["post-21049","post","type-post","status-publish","format-standard","has-post-thumbnail","hentry","category-politica","tag-mauricio-macri","tag-noticias","tag-utuizango"],"amp_enabled":true,"_links":{"self":[{"href":"https:\/\/esreviral.com\/index.php?rest_route=\/wp\/v2\/posts\/21049"}],"collection":[{"href":"https:\/\/esreviral.com\/index.php?rest_route=\/wp\/v2\/posts"}],"about":[{"href":"https:\/\/esreviral.com\/index.php?rest_route=\/wp\/v2\/types\/post"}],"author":[{"embeddable":true,"href":"https:\/\/esreviral.com\/index.php?rest_route=\/wp\/v2\/users\/2"}],"replies":[{"embeddable":true,"href":"https:\/\/esreviral.com\/index.php?rest_route=%2Fwp%2Fv2%2Fcomments&post=21049"}],"version-history":[{"count":0,"href":"https:\/\/esreviral.com\/index.php?rest_route=\/wp\/v2\/posts\/21049\/revisions"}],"wp:featuredmedia":[{"embeddable":true,"href":"https:\/\/esreviral.com\/index.php?rest_route=\/"}],"wp:attachment":[{"href":"https:\/\/esreviral.com\/index.php?rest_route=%2Fwp%2Fv2%2Fmedia&parent=21049"}],"wp:term":[{"taxonomy":"category","embeddable":true,"href":"https:\/\/esreviral.com\/index.php?rest_route=%2Fwp%2Fv2%2Fcategories&post=21049"},{"taxonomy":"post_tag","embeddable":true,"href":"https:\/\/esreviral.com\/index.php?rest_route=%2Fwp%2Fv2%2Ftags&post=21049"}],"curies":[{"name":"wp","href":"https:\/\/api.w.org\/{rel}","templated":true}]}}