{"id":20963,"date":"2022-07-19T09:32:00","date_gmt":"2022-07-19T12:32:00","guid":{"rendered":"https:\/\/esreviral.com\/?p=20963"},"modified":"2022-07-19T09:32:00","modified_gmt":"2022-07-19T12:32:00","slug":"tarifas-de-electricidad-y-gas-el-gobierno-confirmo-cuando-estara-listo-el-nuevo-esquema-y-desde-cuando-se-empezara-a-pagar-con-aumento","status":"publish","type":"post","link":"https:\/\/esreviral.com\/?p=20963","title":{"rendered":"Tarifas de electricidad y gas: el Gobierno confirm\u00f3 cu\u00e1ndo estar\u00e1 listo el nuevo esquema y desde cu\u00e1ndo se empezar\u00e1 a pagar con aumento"},"content":{"rendered":"\n<p class=\"has-drop-cap\">Mientras insiste en el pedido para que quienes quieren mantener los subsidios a las tarifas de luz y gas completen\u00a0el formulario\u00a0y a la vez eval\u00faan estirar los plazos de inscripci\u00f3n, el Gobierno adelant\u00f3 cu\u00e1ndo estar\u00e1 listo el nuevo cuadro tarifario y desde cu\u00e1ndo empezar\u00e1n a pagarse las facturas con aumento.<\/p>\n\n\n\n<p>Fue el secretario de Energ\u00eda,&nbsp;<strong>Dar\u00edo Mart\u00ednez<\/strong>, quien durante una entrevista con el canal C5N adelant\u00f3 que, como estaba estipulado, el gobierno contar\u00e1 con un nuevo cuadro de tarifas desde agosto y el mes siguiente pondr\u00eda en marcha los incrementos.<\/p>\n\n\n\n<p>\u00ab<strong>El cuadro tarifario estar\u00e1 listo a partir de agosto y los incrementos vendr\u00e1n en septiembre<\/strong>&nbsp;distribuidos en tres veces\u00bb, precis\u00f3 Mart\u00ednez.<\/p>\n\n\n\n<p>El funcionario sostuvo que hasta el momento son m\u00e1s de 900.000 los inscriptos para mantener los subsidios: \u00abEs un formulario con muchas preguntas y no s\u00f3lo va a servir para la cuesti\u00f3n energ\u00e9tica, sino para otros asuntos\u00bb, destac\u00f3.<\/p>\n\n\n\n<p><img decoding=\"async\" src=\"https:\/\/www.clarin.com\/img\/2022\/07\/15\/las-nuevas-tarifas-llegarian-en___w1EOyp6g9_720x0__1.jpg\" alt=\"Las nuevas tarifas llegar\u00edan en septiembre.\"><\/p>\n\n\n\n<p><\/p>\n\n\n\n<p>Mart\u00ednez fue enf\u00e1tico al se\u00f1alar la importancia de que \u00abtodos se anoten para seguir recibiendo los subsidios en electricidad y gas\u00bb.<\/p>\n\n\n\n<p>Adem\u00e1s, reiter\u00f3 que \u00ab<strong>el aumento de tarifas s\u00f3lo ser\u00e1 el equivalente al 80% del costo de variaci\u00f3n salarial (CVS)<\/strong>&nbsp;para todos los sectores y del 40% del CVS para los que reciben la tarifa social\u00bb.<\/p>\n\n\n\n<p>Tambi\u00e9n remarc\u00f3 que los subsidios son \u00abun gran esfuerzo en un mundo donde hay una crisis internacional por la energ\u00eda\u00bb y son, adem\u00e1s, \u00abuna gran herramienta que viene en un momento donde el mundo tiene una locura energ\u00e9tica en funci\u00f3n de los precios\u00bb.<\/p>\n\n\n\n<p>A modo de ejemplo, el responsable de la cartera energ\u00e9tica grafic\u00f3: \u00abHace un a\u00f1o el gas natural licuado (GNL), el a\u00f1o pasado lo pag\u00e1bamos 8,50 d\u00f3lares por mill\u00f3n de BTU, y en la \u00faltima licitaci\u00f3n que decidimos no realizarla, el precio era de 51 d\u00f3lares por mill\u00f3n de BTU\u00bb.<\/p>\n\n\n\n<p>Destac\u00f3 el funcionario que \u00abla Argentina vino tomando decisiones muy acertadas para no tener que caer en estos precios\u00bb, y sigui\u00f3: \u00abDesde que lanzamos el Plan Gas.Ar, nos hemos ahorrado m\u00e1s de 4.000 millones de d\u00f3lares\u00bb.<\/p>\n\n\n\n<p><img decoding=\"async\" src=\"https:\/\/www.clarin.com\/img\/2022\/07\/16\/formulario-para-mantener-el-subsidio___tdPkFfQRj_720x0__1.jpg\" alt=\"Formulario para mantener el subsidio a la tarifa de servicios p\u00fablicos.\"><\/p>\n\n\n\n<p>Formulario para mantener el subsidio a la tarifa de servicios p\u00fablicos.<\/p>\n\n\n\n<p>Estim\u00f3, en tanto,&nbsp;que el costo de las importaciones de gas va a llegar a 7.000 millones de d\u00f3lares en todo el a\u00f1o contra 2.000 millones de d\u00f3lares que cost\u00f3&nbsp;el a\u00f1o anterior. \u00abSi no hubiese existido el plan Gas.Ar, estar\u00edamos con un costo superior a los 11.000 millones de d\u00f3lares\u00bb, enfatiz\u00f3.<\/p>\n\n\n\n<p>\u00abVenimos batiendo r\u00e9cords de demanda de energ\u00eda, en el verano batimos el pico hist\u00f3rico y tambi\u00e9n en el invierno y batimos todos los registros de demanda de combustibles, estamos en un pa\u00eds que nos demanda energ\u00eda mes a mes\u00bb, sostuvo Mart\u00ednez.<\/p>\n\n\n\n<p>M\u00e1s adelante, puntualiz\u00f3 que \u00ab<strong>el decil de ingresos m\u00e1s altos de la Argentina va a ser frente al costo pleno de la energ\u00eda<\/strong>, no va a seguir subsidiado y esta es la primera etapa de la segmentaci\u00f3n tarifaria\u00bb.<\/p>\n\n\n\n<p>Y cerr\u00f3: \u00abHoy consumimos GNL mientras se construye el gasoducto pero cuando se conecte el gasoducto, el precio de la energ\u00eda va a bajar porque en lugar de pagar estos precios actuales exorbitantes, el precio del gas local se va a pagar a 3,50 d\u00f3lares que es el precio promedio del Gas.Ar\u00bb.<\/p>\n\n\n\n<p class=\"has-text-align-right\"><em><strong>Clar<\/strong><\/em><strong><em>in.-<\/em><\/strong><\/p>\n\n\n\n<p><\/p>\n","protected":false},"excerpt":{"rendered":"<p>Lo dio a conocer el secretario de Energ\u00eda, Dar\u00edo Mart\u00ednez. Insisti\u00f3 que \u201cel aumento de tarifas s\u00f3lo ser\u00e1 el equivalente al 80% del costo de variaci\u00f3n salarial (CVS) para todos los sectores y del 40% del CVS para los que reciben la tarifa social\u201d.<\/p>\n","protected":false},"author":2,"featured_media":20965,"comment_status":"open","ping_status":"open","sticky":false,"template":"","format":"standard","meta":{"jnews-multi-image_gallery":[],"jnews_single_post":[],"jnews_primary_category":[],"jnews_social_meta":[],"jnews_review":[],"enable_review":"","type":"","name":"","summary":"","brand":"","sku":"","good":[],"bad":[],"score_override":"","override_value":"","rating":[],"price":[],"jnews_override_counter":[],"jnews_post_split":[],"footnotes":""},"categories":[58],"tags":[44,2914,3312,45,3313],"class_list":["post-20963","post","type-post","status-publish","format-standard","has-post-thumbnail","hentry","category-argentina","tag-argentina","tag-aumento-de-tarifas","tag-dario-martinez","tag-noticias","tag-secretaria-de-energia"],"amp_enabled":true,"_links":{"self":[{"href":"https:\/\/esreviral.com\/index.php?rest_route=\/wp\/v2\/posts\/20963"}],"collection":[{"href":"https:\/\/esreviral.com\/index.php?rest_route=\/wp\/v2\/posts"}],"about":[{"href":"https:\/\/esreviral.com\/index.php?rest_route=\/wp\/v2\/types\/post"}],"author":[{"embeddable":true,"href":"https:\/\/esreviral.com\/index.php?rest_route=\/wp\/v2\/users\/2"}],"replies":[{"embeddable":true,"href":"https:\/\/esreviral.com\/index.php?rest_route=%2Fwp%2Fv2%2Fcomments&post=20963"}],"version-history":[{"count":0,"href":"https:\/\/esreviral.com\/index.php?rest_route=\/wp\/v2\/posts\/20963\/revisions"}],"wp:featuredmedia":[{"embeddable":true,"href":"https:\/\/esreviral.com\/index.php?rest_route=\/"}],"wp:attachment":[{"href":"https:\/\/esreviral.com\/index.php?rest_route=%2Fwp%2Fv2%2Fmedia&parent=20963"}],"wp:term":[{"taxonomy":"category","embeddable":true,"href":"https:\/\/esreviral.com\/index.php?rest_route=%2Fwp%2Fv2%2Fcategories&post=20963"},{"taxonomy":"post_tag","embeddable":true,"href":"https:\/\/esreviral.com\/index.php?rest_route=%2Fwp%2Fv2%2Ftags&post=20963"}],"curies":[{"name":"wp","href":"https:\/\/api.w.org\/{rel}","templated":true}]}}