{"id":2096,"date":"2020-11-27T12:28:01","date_gmt":"2020-11-27T12:28:01","guid":{"rendered":"http:\/\/esreviral.com\/?p=2096"},"modified":"2020-11-27T12:28:01","modified_gmt":"2020-11-27T12:28:01","slug":"la-enfermera-de-maradona-dijo-que-lo-escucho-a-las-730-a-m","status":"publish","type":"post","link":"https:\/\/esreviral.com\/?p=2096","title":{"rendered":"La enfermera de Maradona dijo que lo escuch\u00f3 a las 7:30 A.M"},"content":{"rendered":"\n<p><strong><em>CIS.- <\/em><\/strong>Esta madrugada termin\u00f3 de declarar Gisela, la enfermera que cuidaba a Maradona en el turno en que falleci\u00f3 el exfutbolista y asegur\u00f3 que lo habr\u00eda escuchado a las 07:30 A.M., \u00abpens\u00e9 que estaba caminando por el cuarto\u00bb.<\/p>\n\n\n\n<p>La\u00a0fiscal Laura Capra\u00a0avanza en la investigaci\u00f3n para esclarecer las causas de la muerte de quien para muchos, fue el mejor jugador de f\u00fatbol de todos los tiempos.<\/p>\n\n\n\n<p>Esta declaraci\u00f3n se une a la del enfermero del turno anterior, quien afirmo que a las 06:30 A.M., lo vio en su cama \u00abdurmiendo y respirando normalmente\u00bb, declar\u00f3. <\/p>\n\n\n\n<p>Diego Maradona, fue enterrado anoche en el cementerio de Bella Vista, donde tambi\u00e9n permanecen los restos de sus padres. <\/p>\n","protected":false},"excerpt":{"rendered":"<p>Contin\u00faan las investigaciones en torno al fallecimiento de D1ego<\/p>\n","protected":false},"author":2,"featured_media":2097,"comment_status":"open","ping_status":"open","sticky":false,"template":"","format":"standard","meta":{"jnews-multi-image_gallery":[],"jnews_single_post":[],"jnews_primary_category":[],"jnews_social_meta":[],"jnews_review":[],"enable_review":"","type":"","name":"","summary":"","brand":"","sku":"","good":[],"bad":[],"score_override":"","override_value":"","rating":[],"price":[],"jnews_override_counter":[],"jnews_post_split":[],"footnotes":""},"categories":[43,58],"tags":[44,206,177,45],"class_list":["post-2096","post","type-post","status-publish","format-standard","has-post-thumbnail","hentry","category-actualidad","category-argentina","tag-argentina","tag-diego-maradona","tag-maradona","tag-noticias"],"amp_enabled":true,"_links":{"self":[{"href":"https:\/\/esreviral.com\/index.php?rest_route=\/wp\/v2\/posts\/2096"}],"collection":[{"href":"https:\/\/esreviral.com\/index.php?rest_route=\/wp\/v2\/posts"}],"about":[{"href":"https:\/\/esreviral.com\/index.php?rest_route=\/wp\/v2\/types\/post"}],"author":[{"embeddable":true,"href":"https:\/\/esreviral.com\/index.php?rest_route=\/wp\/v2\/users\/2"}],"replies":[{"embeddable":true,"href":"https:\/\/esreviral.com\/index.php?rest_route=%2Fwp%2Fv2%2Fcomments&post=2096"}],"version-history":[{"count":0,"href":"https:\/\/esreviral.com\/index.php?rest_route=\/wp\/v2\/posts\/2096\/revisions"}],"wp:featuredmedia":[{"embeddable":true,"href":"https:\/\/esreviral.com\/index.php?rest_route=\/"}],"wp:attachment":[{"href":"https:\/\/esreviral.com\/index.php?rest_route=%2Fwp%2Fv2%2Fmedia&parent=2096"}],"wp:term":[{"taxonomy":"category","embeddable":true,"href":"https:\/\/esreviral.com\/index.php?rest_route=%2Fwp%2Fv2%2Fcategories&post=2096"},{"taxonomy":"post_tag","embeddable":true,"href":"https:\/\/esreviral.com\/index.php?rest_route=%2Fwp%2Fv2%2Ftags&post=2096"}],"curies":[{"name":"wp","href":"https:\/\/api.w.org\/{rel}","templated":true}]}}