{"id":20932,"date":"2022-07-18T18:50:30","date_gmt":"2022-07-18T21:50:30","guid":{"rendered":"https:\/\/esreviral.com\/?p=20932"},"modified":"2022-07-18T18:50:30","modified_gmt":"2022-07-18T21:50:30","slug":"510-muertos-se-han-contabilizado-en-espana-debido-a-la-ola-de-calor-que-azota-europa","status":"publish","type":"post","link":"https:\/\/esreviral.com\/?p=20932","title":{"rendered":"510 muertos se han contabilizado en Espa\u00f1a debido a la ola de calor que azota Europa"},"content":{"rendered":"\n<p>Un combo de calor, sequ\u00eda e incendios\u00a0convirti\u00f3 a Europa en un infierno. Mientras\u00a0<strong>Londres<\/strong>\u00a0se encamina a romper su r\u00e9cord hist\u00f3rico de temperatura, superando por primera vez los 40\u00b0, en Espa\u00f1a las elevadas temperaturas causaron<strong>\u00a0510 muertes<\/strong>, seg\u00fan informaron autoridades.<\/p>\n\n\n\n<p>El Instituto de Salud espa\u00f1ol Carlos III revel\u00f3 que durante los siete primeros d\u00edas de la ola de calor -del 10 de julio hasta el s\u00e1bado 16-<strong>\u00a0fallecieron 510 personas por causas atribuibles al calor,<\/strong>\u00a0150 de ellas el s\u00e1bado y 123 el viernes.<\/p>\n\n\n\n<p>En el oeste de Europa hoy no se habla de otra cosa que del calor sofocante, desplazando de las conversaciones diarias a la crisis econ\u00f3mica o a la guerra en Ucrania.<\/p>\n\n\n\n<p>Los nueve d\u00edas de&nbsp;<strong>m\u00e1ximas entre los 39 y los 45 grados causaron 510 muertos<\/strong>, seg\u00fan estimaciones del Instituto de Salud Carlos III dependiente del Ministro espa\u00f1ol de Sanidad.<\/p>\n\n\n\n<p>Adem\u00e1s, los incendios activos en Espa\u00f1a provocaron dos v\u00edctimas fatales y arrasaron al menos unas 25.000 hect\u00e1reas, favorecidos por las altas temperaturas y el viento.<\/p>\n\n\n\n<p><strong><span style=\"background-color:#9a1b22\" class=\"td_text_highlight_marker\">Inglaterra en alerta roja por primera vez en su historia: Londres con casi 40\u00b0<\/span><\/strong><\/p>\n\n\n\n<p>En Inglaterra,\u00a0las autoridades declararon el alerta roja por las altas temperaturas por primera vez en su historia. El resto del Reino Unido permanece en alerta naranja.<\/p>\n\n\n\n<p>Seg\u00fan la oficina meteorol\u00f3gica nacional, el term\u00f3metro puede llegar esta noche o ma\u00f1ana a los 41\u00b0 en Londres, donde el calor est\u00e1 impactando \u201cen las personas y las infraestructuras\u201d. La capital puede sufrir una \u201c<strong>situaci\u00f3n muy opresiva<\/strong>\u201d, alert\u00f3 el organismo.<\/p>\n\n\n\n<p class=\"has-text-align-right\"><strong><em>TN.-<\/em><\/strong><\/p>\n","protected":false},"excerpt":{"rendered":"<p>Un combo de calor, sequ\u00eda e incendios\u00a0convirti\u00f3 a Europa en un infierno. Mientras\u00a0Londres\u00a0se encamina a romper su r\u00e9cord hist\u00f3rico de temperatura, superando por primera vez los 40\u00b0, en Espa\u00f1a las elevadas temperaturas causaron\u00a0510 muertes, seg\u00fan informaron autoridades. El Instituto de Salud espa\u00f1ol Carlos III revel\u00f3 que durante los siete primeros d\u00edas de la ola de [&hellip;]<\/p>\n","protected":false},"author":2,"featured_media":20933,"comment_status":"open","ping_status":"open","sticky":false,"template":"","format":"standard","meta":{"jnews-multi-image_gallery":[],"jnews_single_post":[],"jnews_primary_category":[],"jnews_social_meta":[],"jnews_review":[],"enable_review":"","type":"","name":"","summary":"","brand":"","sku":"","good":[],"bad":[],"score_override":"","override_value":"","rating":[],"price":[],"jnews_override_counter":[],"jnews_post_split":[],"footnotes":""},"categories":[88],"tags":[148,803,1261],"class_list":["post-20932","post","type-post","status-publish","format-standard","has-post-thumbnail","hentry","category-internacionales","tag-espana","tag-europa","tag-ola-de-calor"],"amp_enabled":true,"_links":{"self":[{"href":"https:\/\/esreviral.com\/index.php?rest_route=\/wp\/v2\/posts\/20932"}],"collection":[{"href":"https:\/\/esreviral.com\/index.php?rest_route=\/wp\/v2\/posts"}],"about":[{"href":"https:\/\/esreviral.com\/index.php?rest_route=\/wp\/v2\/types\/post"}],"author":[{"embeddable":true,"href":"https:\/\/esreviral.com\/index.php?rest_route=\/wp\/v2\/users\/2"}],"replies":[{"embeddable":true,"href":"https:\/\/esreviral.com\/index.php?rest_route=%2Fwp%2Fv2%2Fcomments&post=20932"}],"version-history":[{"count":0,"href":"https:\/\/esreviral.com\/index.php?rest_route=\/wp\/v2\/posts\/20932\/revisions"}],"wp:featuredmedia":[{"embeddable":true,"href":"https:\/\/esreviral.com\/index.php?rest_route=\/"}],"wp:attachment":[{"href":"https:\/\/esreviral.com\/index.php?rest_route=%2Fwp%2Fv2%2Fmedia&parent=20932"}],"wp:term":[{"taxonomy":"category","embeddable":true,"href":"https:\/\/esreviral.com\/index.php?rest_route=%2Fwp%2Fv2%2Fcategories&post=20932"},{"taxonomy":"post_tag","embeddable":true,"href":"https:\/\/esreviral.com\/index.php?rest_route=%2Fwp%2Fv2%2Ftags&post=20932"}],"curies":[{"name":"wp","href":"https:\/\/api.w.org\/{rel}","templated":true}]}}