{"id":2092,"date":"2020-11-27T12:16:29","date_gmt":"2020-11-27T12:16:29","guid":{"rendered":"http:\/\/esreviral.com\/?p=2092"},"modified":"2020-11-27T12:16:29","modified_gmt":"2020-11-27T12:16:29","slug":"la-ambulancia-tardo-11-minutos-en-llegar-al-country-en-el-que-estaba-viviendo-maradona","status":"publish","type":"post","link":"https:\/\/esreviral.com\/?p=2092","title":{"rendered":"La ambulancia tard\u00f3 11 minutos en llegar al country en el que estaba viviendo Maradona"},"content":{"rendered":"\n<p>La primera ambulancia que arrib\u00f3 para asistir a Diego Armando Maradona tard\u00f3 11 minutos en llegar al country San Andr\u00e9s del partido bonaerense de Tigre, informaron este viernes fuentes judiciales.<\/p>\n\n\n\n<p><strong>Seg\u00fan los registros de llamadas y los videos de c\u00e1maras de seguridad revisados en las \u00faltimas horas por el equipo de fiscales que investiga las circunstancias de la muerte del exastro futbol\u00edstico,<\/strong>\u00a0a las 12.17 se produjo el primer llamado a la empresa Swiss Medical, a las 12.23 se reclam\u00f3 el servicio y a las 12.28 lleg\u00f3 a la puerta del barrio privado la ambulancia de la empresa \u201cM\u00e1s Vida\u201d.<\/p>\n\n\n\n<p class=\"has-text-align-right\"><strong><em>Telam.-<\/em><\/strong><\/p>\n","protected":false},"excerpt":{"rendered":"<p>A las 12.28 lleg\u00f3 a la puerta del barrio privado la ambulancia de la empresa \u201cM\u00e1s Vida\u201d<\/p>\n","protected":false},"author":2,"featured_media":2094,"comment_status":"open","ping_status":"open","sticky":false,"template":"","format":"standard","meta":{"jnews-multi-image_gallery":[],"jnews_single_post":[],"jnews_primary_category":[],"jnews_social_meta":[],"jnews_review":[],"enable_review":"","type":"","name":"","summary":"","brand":"","sku":"","good":[],"bad":[],"score_override":"","override_value":"","rating":[],"price":[],"jnews_override_counter":[],"jnews_post_split":[],"footnotes":""},"categories":[43,58],"tags":[44,206,177,45],"class_list":["post-2092","post","type-post","status-publish","format-standard","has-post-thumbnail","hentry","category-actualidad","category-argentina","tag-argentina","tag-diego-maradona","tag-maradona","tag-noticias"],"amp_enabled":true,"_links":{"self":[{"href":"https:\/\/esreviral.com\/index.php?rest_route=\/wp\/v2\/posts\/2092"}],"collection":[{"href":"https:\/\/esreviral.com\/index.php?rest_route=\/wp\/v2\/posts"}],"about":[{"href":"https:\/\/esreviral.com\/index.php?rest_route=\/wp\/v2\/types\/post"}],"author":[{"embeddable":true,"href":"https:\/\/esreviral.com\/index.php?rest_route=\/wp\/v2\/users\/2"}],"replies":[{"embeddable":true,"href":"https:\/\/esreviral.com\/index.php?rest_route=%2Fwp%2Fv2%2Fcomments&post=2092"}],"version-history":[{"count":0,"href":"https:\/\/esreviral.com\/index.php?rest_route=\/wp\/v2\/posts\/2092\/revisions"}],"wp:featuredmedia":[{"embeddable":true,"href":"https:\/\/esreviral.com\/index.php?rest_route=\/"}],"wp:attachment":[{"href":"https:\/\/esreviral.com\/index.php?rest_route=%2Fwp%2Fv2%2Fmedia&parent=2092"}],"wp:term":[{"taxonomy":"category","embeddable":true,"href":"https:\/\/esreviral.com\/index.php?rest_route=%2Fwp%2Fv2%2Fcategories&post=2092"},{"taxonomy":"post_tag","embeddable":true,"href":"https:\/\/esreviral.com\/index.php?rest_route=%2Fwp%2Fv2%2Ftags&post=2092"}],"curies":[{"name":"wp","href":"https:\/\/api.w.org\/{rel}","templated":true}]}}