{"id":20885,"date":"2022-07-18T08:29:55","date_gmt":"2022-07-18T11:29:55","guid":{"rendered":"https:\/\/esreviral.com\/?p=20885"},"modified":"2022-07-18T08:29:55","modified_gmt":"2022-07-18T11:29:55","slug":"con-el-inicio-del-receso-escolar-en-ocho-distritos-se-extienden-las-vacaciones-en-todo-el-pais","status":"publish","type":"post","link":"https:\/\/esreviral.com\/?p=20885","title":{"rendered":"Con el inicio del receso escolar en ocho distritos, se extienden las vacaciones en todo el pa\u00eds"},"content":{"rendered":"\n<p class=\"has-drop-cap\">Ocho distritos inician este lunes su receso escolar de invierno, con lo cual todos los estudiantes y docentes del pa\u00eds est\u00e1n de vacaciones, dado que otras 16 provincias hab\u00edan comenzado su descanso de mitad de a\u00f1o hace una semana.<\/p>\n\n\n\n<p>En esta ocasi\u00f3n, la ciudad y la provincia de Buenos Aires, Chaco, Corrientes, Formosa, Santa Cruz, Santiago del Estero y Tierra del Fuego van a empezar las vacaciones que se extender\u00e1n hasta el 29 de julio.<\/p>\n\n\n\n<p>Adem\u00e1s, seg\u00fan el cronograma dispuesto por el Consejo Federal de Educaci\u00f3n para este a\u00f1o, siguen con el receso invernal hasta el 22 de julio Catamarca, Chubut, C\u00f3rdoba, Entre R\u00edos, Jujuy, La Pampa, La Rioja, Mendoza, Misiones, Neuqu\u00e9n, R\u00edo Negro, Salta, San Juan, San Luis, Santa Fe y Tucum\u00e1n.<\/p>\n\n\n\n<p>Si bien la mayor\u00eda de las provincias dispuso, tras la pandemia de coronavirus, otorgar dos semanas de completo descanso sin actividades para la comunidad estudiantil y docente, las autoridades educativas de varios distritos adelantaron que analizar\u00e1n un dise\u00f1o de nuevos horarios para aplicar en las escuelas primarias la extensi\u00f3n de una hora de clase semanal como se hab\u00eda acordado con el Gobierno nacional para recuperar contenidos.<\/p>\n\n\n\n<figure class=\"wp-block-image size-large\"><img decoding=\"async\" src=\"https:\/\/www.telam.com.ar\/thumbs\/bluesteel\/advf\/imagenes\/2022\/07\/62d049614aeb2_900.jpg\" alt=\"\"\/><\/figure>\n\n\n\n<p><strong><span style=\"background-color:#a30003\" class=\"td_text_highlight_marker\">Formosa<\/span><\/strong><\/p>\n\n\n\n<p>En Formosa, el Ministerio de Cultura y Educaci\u00f3n que dirige Luis Basterra indic\u00f3 que las vacaciones ser\u00e1n \u00abpara los tres niveles educativos: inicial, primario y secundario, tanto de establecimientos p\u00fablicos como los de gesti\u00f3n privada, cuyos estudiantes deber\u00e1n retornar a las aulas el lunes 1 de agosto\u00bb.<\/p>\n\n\n\n<p>Adem\u00e1s, se\u00f1al\u00f3 que&nbsp;<strong>\u00abel servicio nutricional escolar estar\u00e1 garantizado durante estos d\u00edas\u00bb&nbsp;<\/strong>de vacaciones.<\/p>\n\n\n\n<p>Respecto de la extensi\u00f3n horaria en la jornada escolar, fuentes educativas dijeron que \u00abse est\u00e1n ajustando con los \u00e1mbitos t\u00e9cnicos del Ministerio la decisi\u00f3n pol\u00edtica de llevar 4,15 a 5 horas en toda la educaci\u00f3n primaria de la provincia\u00bb.<\/p>\n\n\n\n<p>Basterra resalt\u00f3 recientemente que seguramente se dar\u00e1n algunas excepciones por cuestiones de log\u00edstica pero la intenci\u00f3n es que&nbsp;<strong>\u00abdurante todo el segundo cuatrimestre se incorporen todas las escuelas a esta ampliaci\u00f3n del horario\u00bb.<\/strong><\/p>\n\n\n\n<p><strong><span style=\"background-color:#a30003\" class=\"td_text_highlight_marker\">Santa Fe<\/span><\/strong><\/p>\n\n\n\n<p>En Santa Fe, fuentes del Ministerio de Educaci\u00f3n provincial dijeron que tambi\u00e9n tras el receso invernal se dise\u00f1ar\u00e1 el esquema para comenzar a implementar la extensi\u00f3n horaria en sus escuelas primarias.<\/p>\n\n\n\n<p>Esa cuesti\u00f3n, acordada en la \u00faltima reuni\u00f3n de junio del Consejo Federal de Educaci\u00f3n,\u00a0<strong>busca agregar al menos una hora de clases diaria para incorporar un 20% de tiempo efectivo<\/strong>\u00a0para el aprendizaje del alumnado y con especial \u00e9nfasis en las asignaturas de lengua y matem\u00e1ticas, entendidas como \u00e1reas prioritarias que requieren una mayor atenci\u00f3n.<\/p>\n\n\n\n<figure class=\"wp-block-embed is-type-rich is-provider-twitter wp-block-embed-twitter\"><div class=\"wp-block-embed__wrapper\">\n<blockquote class=\"twitter-tweet\" data-width=\"500\" data-dnt=\"true\"><p lang=\"es\" dir=\"ltr\">Con el gobernador <a href=\"https:\/\/twitter.com\/RaulJalil_ok?ref_src=twsrc%5Etfw\">@RaulJalil_ok<\/a> firmamos un convenio para que el 60% de las escuelas de Catamarca tengan una hora m\u00e1s de clase por d\u00eda para que las chicas y chicos aprendan m\u00e1s Lengua y Matem\u00e1tica. La educaci\u00f3n requiere un trabajo permanente y una inversi\u00f3n continua. <a href=\"https:\/\/t.co\/0nAc4YbvVt\">pic.twitter.com\/0nAc4YbvVt<\/a><\/p>&mdash; Jaime Perczyk (@jaimeperczyk) <a href=\"https:\/\/twitter.com\/jaimeperczyk\/status\/1548044027013918721?ref_src=twsrc%5Etfw\">July 15, 2022<\/a><\/blockquote><script async src=\"https:\/\/platform.twitter.com\/widgets.js\" charset=\"utf-8\"><\/script>\n<\/div><\/figure>\n\n\n\n<p>En la \u00faltima semana, el ministro de Educaci\u00f3n de la Naci\u00f3n, Jaime Perczyk,\u00a0firm\u00f3 convenios con los gobiernos de Tucum\u00e1n, Chaco, Santa Cruz y Catamarca\u00a0para implementar despu\u00e9s de las vacaciones de invierno una hora m\u00e1s de clases por d\u00eda para permitir, seg\u00fan el funcionario, que \u00ablos estudiantes puedan intensificar los aprendizajes en Lengua y Matem\u00e1tica, que son la base de cualquier otro conocimiento\u00bb.<\/p>\n\n\n\n<p>La propuesta del ministro Perczyk, aprobada por la resoluci\u00f3n 426\/21 del Consejo Federal de Educaci\u00f3n (CFE), dispone que las&nbsp;<strong>escuelas primarias pasen a tener un piso m\u00ednimo de 25 horas semanales.<\/strong><\/p>\n\n\n\n<p><strong><span style=\"background-color:#a30003\" class=\"td_text_highlight_marker\">Mendoza<\/span><\/strong><\/p>\n\n\n\n<p>En tanto, en Mendoza, las autoridades educativas se\u00f1alaron que&nbsp;<strong>las clases volver\u00e1n el martes 26<\/strong>, ya que el 25 ser\u00e1 feriado provincial por el D\u00eda del Patrono Santiago.<\/p>\n\n\n\n<p><strong><span style=\"background-color:#a30003\" class=\"td_text_highlight_marker\">R\u00edo Negro<\/span><\/strong><\/p>\n\n\n\n<p>En el caso de R\u00edo Negro, adem\u00e1s de las vacaciones formales del 11 al 22 de julio, hay un&nbsp;<strong>Receso Invernal Extendido&nbsp;<\/strong>(RIE) que comenz\u00f3 el 4 de julio y finalizar\u00e1 el 5 de agosto en las localidades rurales m\u00e1s afectadas por el fr\u00edo y la nieve que suelen cubrir a la provincia cada invierno por lo cual se interrumpen las actividades para evitar poner en peligro a la comunidad educativa.<\/p>\n\n\n\n<p>Entre las provincias que iniciar\u00e1n su receso invernal el lunes venidero, fuentes educativas de\u00a0<strong>Buenos Aires, Corrientes, Formosa y Santa Cruz dijeron que prev\u00e9n realizar jornadas de capacitaci\u00f3n docente<\/strong>\u00a0en la segunda etapa del a\u00f1o, sin cortar las vacaciones.<\/p>\n\n\n\n<p class=\"has-text-align-right\"><strong><em>Telam.-<\/em><\/strong><\/p>\n","protected":false},"excerpt":{"rendered":"<p>Son la ciudad y la provincia de Buenos Aires, Chaco, Corrientes, Formosa, Santa Cruz, Santiago del Estero y Tierra del Fuego, donde docentes y estudiantes estar\u00e1n de descanso hasta el 29 de julio. Varios distritos adelantaron que analizar\u00e1n un dise\u00f1o de nuevos horarios para aplicar en las escuelas primarias la extensi\u00f3n de una hora de clase semanal<\/p>\n","protected":false},"author":2,"featured_media":20886,"comment_status":"open","ping_status":"open","sticky":false,"template":"","format":"standard","meta":{"jnews-multi-image_gallery":[],"jnews_single_post":[],"jnews_primary_category":[],"jnews_social_meta":[],"jnews_review":[],"enable_review":"","type":"","name":"","summary":"","brand":"","sku":"","good":[],"bad":[],"score_override":"","override_value":"","rating":[],"price":[],"jnews_override_counter":[],"jnews_post_split":[],"footnotes":""},"categories":[58],"tags":[44,1000,3279,45,2906,3280],"class_list":["post-20885","post","type-post","status-publish","format-standard","has-post-thumbnail","hentry","category-argentina","tag-argentina","tag-clases","tag-ministerio-de-educacion","tag-noticias","tag-vacaciones-de-invierno","tag-vacaciones-de-invierno-2022"],"_links":{"self":[{"href":"https:\/\/esreviral.com\/index.php?rest_route=\/wp\/v2\/posts\/20885","targetHints":{"allow":["GET"]}}],"collection":[{"href":"https:\/\/esreviral.com\/index.php?rest_route=\/wp\/v2\/posts"}],"about":[{"href":"https:\/\/esreviral.com\/index.php?rest_route=\/wp\/v2\/types\/post"}],"author":[{"embeddable":true,"href":"https:\/\/esreviral.com\/index.php?rest_route=\/wp\/v2\/users\/2"}],"replies":[{"embeddable":true,"href":"https:\/\/esreviral.com\/index.php?rest_route=%2Fwp%2Fv2%2Fcomments&post=20885"}],"version-history":[{"count":0,"href":"https:\/\/esreviral.com\/index.php?rest_route=\/wp\/v2\/posts\/20885\/revisions"}],"wp:featuredmedia":[{"embeddable":true,"href":"https:\/\/esreviral.com\/index.php?rest_route=\/"}],"wp:attachment":[{"href":"https:\/\/esreviral.com\/index.php?rest_route=%2Fwp%2Fv2%2Fmedia&parent=20885"}],"wp:term":[{"taxonomy":"category","embeddable":true,"href":"https:\/\/esreviral.com\/index.php?rest_route=%2Fwp%2Fv2%2Fcategories&post=20885"},{"taxonomy":"post_tag","embeddable":true,"href":"https:\/\/esreviral.com\/index.php?rest_route=%2Fwp%2Fv2%2Ftags&post=20885"}],"curies":[{"name":"wp","href":"https:\/\/api.w.org\/{rel}","templated":true}]}}