{"id":20761,"date":"2022-07-14T09:22:19","date_gmt":"2022-07-14T12:22:19","guid":{"rendered":"https:\/\/esreviral.com\/?p=20761"},"modified":"2022-07-14T09:22:19","modified_gmt":"2022-07-14T12:22:19","slug":"el-gobierno-aumenta-el-dolar-turista-y-ajusta-el-cepo-cambiario","status":"publish","type":"post","link":"https:\/\/esreviral.com\/?p=20761","title":{"rendered":"El Gobierno aumenta el d\u00f3lar turista y ajusta el cepo cambiario"},"content":{"rendered":"\n<p class=\"has-drop-cap\">En medio del faltante de d\u00f3lares en las reservas internacionales del Banco Central (BCRA) y d\u00edas antes de que comiencen las vacaciones de invierno,&nbsp;<strong>el Gobierno anunci\u00f3 anoche el aumento del d\u00f3lar turista a partir de este jueves, pese a que reiteradamente sus principales referentes econ\u00f3micas hab\u00edan negado que tal posibilidad existiese.<\/strong><\/p>\n\n\n\n<p>Seg\u00fan confirmaron en la AFIP,\u00a0<strong>la percepci\u00f3n a cuenta de los impuestos a las Ganancias y sobre los Bienes Personales pasa del 35% al 45%, lo que har\u00e1 subir autom\u00e1ticamente el llamado \u201cd\u00f3lar turista\u201d.<\/strong>\u00a0<mark>No incluir\u00e1 al llamado \u201cd\u00f3lar ahorro\u201d,<\/mark>\u00a0seg\u00fan inform\u00f3 la entidad que conduce Mercedes Marc\u00f3 del Pont.\u00a0<strong>S\u00ed, en cambio, golpea a todos los pagos en d\u00f3lares realizados con tarjeta de cr\u00e9dito en el exterior, vinculados a aplicaciones o servicios de streaming.<\/strong><\/p>\n\n\n\n<p>El d\u00f3lar turista -compuesto por un 30% del impuesto PAIS m\u00e1s el 35% de percepci\u00f3n a cuenta de Ganancias y Bienes Personales- cerr\u00f3 hoy a $223. Con esta alza, su cotizaci\u00f3n llegar\u00eda hoy a $236,51, desincentivando las operaciones vinculadas particularmente al turismo emisivo -en el exterior- y achicando la brecha cambiaria con los d\u00f3lares \u201clibres\u201d.&nbsp;<strong>El llamado impuesto PAIS introducido a comienzos de la gesti\u00f3n de Alberto Fern\u00e1ndez no sufrir\u00e1 cambios.<\/strong><\/p>\n\n\n\n<p><mark>\u201cForma parte de las distintas medidas tomadas por el Gobierno destinadas a garantizar el equilibrio fiscal y promover la solvencia del Estado como promotor de la actividad econ\u00f3mica\u201d<\/mark>, indic\u00f3 un comunicado oficial. El Gobierno instrument\u00f3 semanas atr\u00e1s trabas a las importaciones y viene se\u00f1alando que los d\u00f3lares deben priorizarse para la producci\u00f3n nacional y la compra de energ\u00eda. No obstante, la Uni\u00f3n Industria Argentina (UIA) se quej\u00f3 el martes de falta de insumos.<\/p>\n\n\n\n<p>La semana pasada, el BCRA prohibi\u00f3 el financiamiento en pesos para compras en d\u00f3lares con tarjeta de cr\u00e9dito en los\u00a0<em>free shops<\/em>. D\u00edas atr\u00e1s hab\u00eda decidido lo mismo para los servicios \u201cpuerta a puerta\u201d. Esa misma medida reg\u00eda ya para los pasajes y los servicios en el exterior. \u201cNo estamos estudiando m\u00e1s medidas sobre los d\u00f3lares para viajes al exterior\u201d, hab\u00eda dicho el presidente del BCRA, Miguel Angel Pesce, d\u00edas atr\u00e1s en una entrevista con TN. Lo mismo hab\u00eda dicho el presidente Alberto Fern\u00e1ndez desde Alemania. Todav\u00eda Mart\u00edn Guzm\u00e1n era su ministro de Econom\u00eda.<\/p>\n\n\n\n<p><strong><span style=\"background-color:#a30003\" class=\"td_text_highlight_marker\">Los argumentos<\/span><\/strong><\/p>\n\n\n\n<p><mark>\u201cLa Administraci\u00f3n Federal de Ingresos P\u00fablicos (AFIP) instrumenta medidas tendientes a robustecer el frente fiscal a partir de la manifestaci\u00f3n de capacidad contributiva de distintos sectores econ\u00f3micos\u201d,<\/mark>&nbsp;indic\u00f3 un comunicado de la AFIP.<\/p>\n\n\n\n<p>Seg\u00fan estim\u00f3 la entidad tributaria,<strong>\u00a0la Resoluci\u00f3n General 5232 adecua la al\u00edcuota de la percepci\u00f3n a cuenta de los impuestos a las Ganancias y sobre los Bienes Personales para un conjunto de las operaciones en moneda extranjera alcanzadas por el Impuesto PAIS. La suba es del 35% al 45%<\/strong>. \u201cLa actualizaci\u00f3n alcanza al consumo de divisas para viajes y gastos en el exterior. La normativa excluye a las compras de moneda extranjera para atesoramiento que continuar\u00e1 en 35%\u201d, aclar\u00f3. \u201cLas adecuaciones en la percepci\u00f3n entrar\u00e1n en vigencia el 14 de julio\u201d, indicaron.<\/p>\n\n\n\n<div data-wp-interactive=\"core\/file\" class=\"wp-block-file\"><object data-wp-bind--hidden=\"!state.hasPdfPreview\"  class=\"wp-block-file__embed\" data=\"https:\/\/esreviral.com\/wp-content\/uploads\/2022\/07\/document-23.pdf\" type=\"application\/pdf\" style=\"width:100%;height:600px\" aria-label=\"Incrustado de Incrustado de document-23..\"><\/object><a href=\"https:\/\/esreviral.com\/wp-content\/uploads\/2022\/07\/document-23.pdf\">document-23<\/a><a href=\"https:\/\/esreviral.com\/wp-content\/uploads\/2022\/07\/document-23.pdf\" class=\"wp-block-file__button\" download>Descarga<\/a><\/div>\n\n\n\n<p><strong>\u201cEl derecho a viajar colisiona con la generaci\u00f3n de puestos de trabajo\u201d<\/strong>, hab\u00eda afirmado la ministra de Econom\u00eda, Silvina Batakis la semana pasada. \u201cEl d\u00f3lar es un recurso escaso y esos d\u00f3lares tienen que estar a disposici\u00f3n de ampliar la matriz productiva\u201d, agreg\u00f3 en el programa&nbsp;<em>A Dos Voces<\/em>&nbsp;y gener\u00f3 una pol\u00e9mica que termina con esta decisi\u00f3n.<\/p>\n\n\n\n<p><strong>\u201cCuando uno hace compras en el exterior y tendr\u00edan que haber ido al sector productivo est\u00e1 da\u00f1ando el futuro de los argentinos\u201d,<\/strong>&nbsp;hab\u00eda dicho. Luego aclar\u00f3:<mark>&nbsp;\u201cTodas las personas tienen derecho a las vacaciones, pero nosotros tenemos que administrar las reservas para que el pa\u00eds crezca. Y vamos a tomar todas las medidas para que esas reservas se vuelquen a los sectores productivos\u201d.<\/mark>&nbsp;Cerr\u00f3 entonces el tema con la frase: \u201cHay que invitar a que conozcamos m\u00e1s nuestro pa\u00eds\u201d.<\/p>\n\n\n\n<p>\u201cComo sucede desde la implementaci\u00f3n de la medida en 2020, cuando las percepciones experimentadas por un contribuyente superen el monto a ingresar por Ganancias y Bienes Personales, el excedente ser\u00e1 reintegrado por la AFIP\u201d, indicaron desde el Gobierno. Claro que ese reintegro llega completamente licuado por la elevada inflaci\u00f3n en el pa\u00eds.<\/p>\n\n\n\n<p><strong><span style=\"background-color:#a30003\" class=\"td_text_highlight_marker\">Las repercusiones<\/span><\/strong><\/p>\n\n\n\n<p>\u201cEra esperable; empezaron a atacar el tema del d\u00f3lar turismo\u201d, dijo Miguel Kiguel, titular de Econviews. \u201cEsta medida te lo encarece un poquito, pero no creo que te cambie la tendencia. Hay gente que igual va a comprar el d\u00f3lar a este precio. Va ser m\u00e1s caro. Es una primera l\u00ednea de defensa para defender las reservas. Algo se va a frenar la demanda, pero la mitad de eso a casi todos los compradores se lo devuelven. No es una cosa dram\u00e1tica, ahora es un poquito m\u00e1s caro\u201d, agreg\u00f3.<\/p>\n\n\n\n<p><strong>\u201cEst\u00e1n viendo que los d\u00f3lares excedentes del comercio se est\u00e1n yendo por la cuenta turismo, que no est\u00e1n en niveles elevados, pero recuperan con relaci\u00f3n a la pandemia. Toda la cuenta de servicios son US$9000 millones al a\u00f1o y la mitad es viajes y pagos al exterior. Esto indicar\u00eda que el tipo de cambio se va a mover con atraso con relaci\u00f3n a la inflaci\u00f3n y es compensado con esta medida restricci\u00f3n\u201d, afirm\u00f3 Guido Lorenzo, de LCG.<\/strong><\/p>\n\n\n\n<p>C\u00e9sar Litvin, CEO y socio del estudio Lisicki, Litvin y Asociados, opin\u00f3 que este aumento de la percepci\u00f3n para operaciones gravadas por el impuesto pa\u00eds tiene como objetivo inmediato desmotivar el uso de divisas para turismo a trav\u00e9s del incremento de las al\u00edcuotas y, en el caso de que se siga consumiendo d\u00f3lares para turismo, un r\u00e1pido incremento de la recaudaci\u00f3n tributaria anticipada. \u201c<strong>Para el contribuyente significa un encarecimiento de las transacciones por turismo en el exterior, que, si se trata de un pago a cuenta de ganancias o bienes personales, solo lo podr\u00e1 utilizar en las declaraciones juradas del periodo anual, cuyo vencimiento se produce en junio de cada a\u00f1o\u201d,&nbsp;<\/strong>coment\u00f3.<\/p>\n\n\n\n<p>\u201cOtro aspecto cuestionable es que la al\u00edcuota de la percepci\u00f3n pasa del 35% al 45%, cuando la escala progresiva del impuesto llega hasta un m\u00e1ximo del 35%, m\u00e1s a\u00fan cuando proliferan otros reg\u00edmenes de retenciones, percepciones y pagos a cuenta que producen, en muchos casos, saldos a favor del impuesto, convirti\u00e9ndose el contribuyente en acreedor del fisco con un cr\u00e9dito que se derrite por la inflaci\u00f3n. Considero un abuso la facultad que la ley le otorga a la AFIP para establecer este tipo de pagos a cuenta, con consecuencias financieras y econ\u00f3micas para los contribuyentes\u201d, afirm\u00f3 Litvin.<\/p>\n\n\n\n<p>Gabriel Hermida, tributarista de Auren Argentina, dijo que esto&nbsp;<strong>es \u201cseguir cazando en el zool\u00f3gico y adelantando dinero al fisco por parte de los contribuyentes\u201d,<\/strong>&nbsp;porque al final del d\u00eda es un pago a cuenta del impuesto a las ganancias. \u201cAhora ese pago a cuenta que me retienen hoy, sobre todo a las personas f\u00edsicas, se lo van a poder computar en la declaraci\u00f3n jurada de diciembre de 2022, que van a presentar en mayo de 2023; con lo cual el costo financiero para cada persona, con la inflaci\u00f3n que hay, es enorme. Estamos financiando al Estado m\u00e1s de lo que ya lo hacemos\u201d, dijo.<\/p>\n\n\n\n<p><strong>\u201cComo norma impositiva es inconstitucional, al establecer un anticipo del impuesto en funci\u00f3n de una lejana presunci\u00f3n de capacidad contributiva, una ficci\u00f3n, y por un porcentaje mayor que la al\u00edcuota m\u00e1xima.<\/strong>\u00a0La resoluci\u00f3n consagra un empr\u00e9stito forzoso que act\u00faa como un impuesto sin sustento en ley, ya que en los hechos, por la inflaci\u00f3n, para el caso de que el contribuyente lo pueda utilizar en el futuro, contra el pago de un impuesto o cuando sea devuelto a ese contribuyente, ese dinero valdr\u00e1 mucho menos. Ergo, consagra una exacci\u00f3n no aprobada por el Congreso. En definitiva, la norma profundiza un desdoblamiento cambiario disfrazado de norma impositiva\u201d, dijo Diego Fraga, abogado tributarista y socio de Expansion Holding.\u00a0<strong>\u201cAplica no solo al turismo, tambi\u00e9n a Netflix\u201d,<\/strong>\u00a0ejemplific\u00f3.<\/p>\n\n\n\n<p class=\"has-text-align-right\"><em><strong>LaN<\/strong><\/em><strong><em>acion.-<\/em><\/strong><\/p>\n","protected":false},"excerpt":{"rendered":"<p>La percepci\u00f3n a cuenta de los impuestos a las Ganancias y sobre los Bienes Personales pasar\u00e1 del 35% al 45%; no afecta a las divisas para el atesoramiento; seg\u00fan la AFIP, comenzar\u00e1 a regir desde este jueves; busca reducir la brecha; este tipo de cambio pasar\u00eda de $223 a $236,5<\/p>\n","protected":false},"author":2,"featured_media":20762,"comment_status":"open","ping_status":"open","sticky":false,"template":"","format":"standard","meta":{"jnews-multi-image_gallery":[],"jnews_single_post":[],"jnews_primary_category":[],"jnews_social_meta":[],"jnews_review":[],"enable_review":"","type":"","name":"","summary":"","brand":"","sku":"","good":[],"bad":[],"score_override":"","override_value":"","rating":[],"price":[],"jnews_override_counter":[],"jnews_post_split":[],"footnotes":""},"categories":[61],"tags":[44,3218,3219,3220,207,45],"class_list":["post-20761","post","type-post","status-publish","format-standard","has-post-thumbnail","hentry","category-economia","tag-argentina","tag-cepo-cambiario","tag-comunidad-de-negocios","tag-dolar-turista","tag-dolares","tag-noticias"],"amp_enabled":true,"_links":{"self":[{"href":"https:\/\/esreviral.com\/index.php?rest_route=\/wp\/v2\/posts\/20761"}],"collection":[{"href":"https:\/\/esreviral.com\/index.php?rest_route=\/wp\/v2\/posts"}],"about":[{"href":"https:\/\/esreviral.com\/index.php?rest_route=\/wp\/v2\/types\/post"}],"author":[{"embeddable":true,"href":"https:\/\/esreviral.com\/index.php?rest_route=\/wp\/v2\/users\/2"}],"replies":[{"embeddable":true,"href":"https:\/\/esreviral.com\/index.php?rest_route=%2Fwp%2Fv2%2Fcomments&post=20761"}],"version-history":[{"count":0,"href":"https:\/\/esreviral.com\/index.php?rest_route=\/wp\/v2\/posts\/20761\/revisions"}],"wp:featuredmedia":[{"embeddable":true,"href":"https:\/\/esreviral.com\/index.php?rest_route=\/"}],"wp:attachment":[{"href":"https:\/\/esreviral.com\/index.php?rest_route=%2Fwp%2Fv2%2Fmedia&parent=20761"}],"wp:term":[{"taxonomy":"category","embeddable":true,"href":"https:\/\/esreviral.com\/index.php?rest_route=%2Fwp%2Fv2%2Fcategories&post=20761"},{"taxonomy":"post_tag","embeddable":true,"href":"https:\/\/esreviral.com\/index.php?rest_route=%2Fwp%2Fv2%2Ftags&post=20761"}],"curies":[{"name":"wp","href":"https:\/\/api.w.org\/{rel}","templated":true}]}}