{"id":20724,"date":"2022-07-13T11:12:23","date_gmt":"2022-07-13T14:12:23","guid":{"rendered":"https:\/\/esreviral.com\/?p=20724"},"modified":"2022-07-13T11:12:23","modified_gmt":"2022-07-13T14:12:23","slug":"expectativa-por-el-viaje-inaugural-del-tren-turistico-que-unira-bariloche-con-perito-moreno","status":"publish","type":"post","link":"https:\/\/esreviral.com\/?p=20724","title":{"rendered":"Expectativa por el viaje inaugural del tren Tur\u00edstico que unir\u00e1 Bariloche con Perito Moreno"},"content":{"rendered":"\n<p class=\"has-drop-cap\">Con un viaje inaugural, comenzar\u00e1n este mi\u00e9rcoles las actividades del Tren Tur\u00edstico que unir\u00e1 la estaci\u00f3n de San Carlos de Bariloche con la de Perito Moreno, en proximidades del paraje rionegrino Laguna de los Juncos.<\/p>\n\n\n\n<p>La empresa Tren Patag\u00f3nico agrega as\u00ed a sus servicios convencionales que unen la Ciudad Cordillerana con Viedma este nuevo emprendimiento de car\u00e1cter netamente tur\u00edstico.<\/p>\n\n\n\n<p>El servicio\u00a0<strong>partir\u00e1 desde Bariloche a las 18<\/strong>\u00a0y retornar\u00e1 desde Perito Moreno a la medianoche, en un recorrido de casi 35 kil\u00f3metros.<\/p>\n\n\n\n<p>El trayecto se realizar\u00e1 con la formaci\u00f3n Mater, una de las m\u00e1s modernas que existen, y que tiene lugar para unos 106 pasajeros, cuenta con dos vagones, ba\u00f1os, aire acondicionado y calefacci\u00f3n.<\/p>\n\n\n\n<p class=\"has-text-align-right\"><strong><em>Telam.-<\/em><\/strong><\/p>\n","protected":false},"excerpt":{"rendered":"<p>El servicio partir\u00e1 desde Bariloche y retornar\u00e1 desde Perito Moreno a la medianoche, en un recorrido de casi 35 kil\u00f3metros. El servicio se suma al que une la ciudad cordillerana con Viedma.<\/p>\n","protected":false},"author":2,"featured_media":20725,"comment_status":"open","ping_status":"open","sticky":false,"template":"","format":"standard","meta":{"jnews-multi-image_gallery":[],"jnews_single_post":[],"jnews_primary_category":[],"jnews_social_meta":[],"jnews_review":[],"enable_review":"","type":"","name":"","summary":"","brand":"","sku":"","good":[],"bad":[],"score_override":"","override_value":"","rating":[],"price":[],"jnews_override_counter":[],"jnews_post_split":[],"footnotes":""},"categories":[58],"tags":[44,1573,45,1248,3203,2125],"class_list":["post-20724","post","type-post","status-publish","format-standard","has-post-thumbnail","hentry","category-argentina","tag-argentina","tag-bariloche","tag-noticias","tag-rio-negro","tag-tren-patagonico","tag-trenes"],"amp_enabled":true,"_links":{"self":[{"href":"https:\/\/esreviral.com\/index.php?rest_route=\/wp\/v2\/posts\/20724"}],"collection":[{"href":"https:\/\/esreviral.com\/index.php?rest_route=\/wp\/v2\/posts"}],"about":[{"href":"https:\/\/esreviral.com\/index.php?rest_route=\/wp\/v2\/types\/post"}],"author":[{"embeddable":true,"href":"https:\/\/esreviral.com\/index.php?rest_route=\/wp\/v2\/users\/2"}],"replies":[{"embeddable":true,"href":"https:\/\/esreviral.com\/index.php?rest_route=%2Fwp%2Fv2%2Fcomments&post=20724"}],"version-history":[{"count":0,"href":"https:\/\/esreviral.com\/index.php?rest_route=\/wp\/v2\/posts\/20724\/revisions"}],"wp:featuredmedia":[{"embeddable":true,"href":"https:\/\/esreviral.com\/index.php?rest_route=\/"}],"wp:attachment":[{"href":"https:\/\/esreviral.com\/index.php?rest_route=%2Fwp%2Fv2%2Fmedia&parent=20724"}],"wp:term":[{"taxonomy":"category","embeddable":true,"href":"https:\/\/esreviral.com\/index.php?rest_route=%2Fwp%2Fv2%2Fcategories&post=20724"},{"taxonomy":"post_tag","embeddable":true,"href":"https:\/\/esreviral.com\/index.php?rest_route=%2Fwp%2Fv2%2Ftags&post=20724"}],"curies":[{"name":"wp","href":"https:\/\/api.w.org\/{rel}","templated":true}]}}