{"id":20712,"date":"2022-07-13T09:37:39","date_gmt":"2022-07-13T12:37:39","guid":{"rendered":"https:\/\/esreviral.com\/?p=20712"},"modified":"2022-07-13T09:37:39","modified_gmt":"2022-07-13T12:37:39","slug":"paro-del-campo-cuales-son-los-reclamos-y-donde-se-llevaran-a-cabo-la-protestas","status":"publish","type":"post","link":"https:\/\/esreviral.com\/?p=20712","title":{"rendered":"Paro del campo: cu\u00e1les son los reclamos y d\u00f3nde se llevar\u00e1n a cabo la protestas"},"content":{"rendered":"\n<p class=\"has-drop-cap\">Los\u00a0<strong>productores agropecuarios<\/strong>\u00a0se preparan para realizar un paro de 24 horas en todo el pa\u00eds. Consiste en el<strong>\u00a0cese de comercializaci\u00f3n de hacienda, granos<\/strong>\u00a0y otros productos en todo el pa\u00eds. Adem\u00e1s, har\u00e1n asambleas al costado de las rutas.<\/p>\n\n\n\n<p>Esta\u00a0<strong>\u201cjornada federal de demanda\u201d<\/strong>\u00a0tambi\u00e9n incluir\u00e1 asambleas y movilizaciones al costado de las rutas. Est\u00e1 previsto que los referentes de la\u00a0<strong>mesa de enlance<\/strong>\u00a0brinden un discurso al mediod\u00eda en<strong>\u00a0Gualeguaych\u00fa.<\/strong><\/p>\n\n\n\n<figure class=\"wp-block-image size-large\"><img decoding=\"async\" src=\"https:\/\/tn.com.ar\/resizer\/b6eMOMgEdoUY89VDFeLxDwHWXJs=\/1440x0\/smart\/cloudfront-us-east-1.images.arcpublishing.com\/artear\/YNO7XN7Y5BFKZCFJ7BZUNVEFOY.jpg\" alt=\"\"\/><\/figure>\n\n\n\n<p><strong><span style=\"background-color:#a30003\" class=\"td_text_highlight_marker\">Cu\u00e1les son los reclamos del campo<\/span><\/strong><\/p>\n\n\n\n<ul class=\"wp-block-list\"><li>Rechazo a la alta presi\u00f3n fiscal sobre el sector agropecuario;<\/li><li>Retenciones;<\/li><li>Brecha cambiaria que afecta la rentabilidad;<\/li><li>Escasez de gasoil<\/li><\/ul>\n\n\n\n<p>A los reclamos que ya impulsaban el paro y movilizaci\u00f3n, en el sector agropecuario se sum\u00f3 recientemente una nueva preocupaci\u00f3n: un posible  <strong>reval\u00fao fiscal<\/strong>\u00a0anunciado por la ministra de Econom\u00eda,\u00a0<strong>Silvina Batakis<\/strong>.<\/p>\n\n\n\n<p>La funcionaria inform\u00f3 que el organismo fiscal de evaluaciones inmobiliarias pasar\u00e1 a depender de su cartera, para homogeneizar las valuaciones que actualmente var\u00edan seg\u00fan las provincias. Esto gener\u00f3&nbsp;<strong>resquemores entre los productores y dirigentes agropecuarios<\/strong>. Sobre todo, si se tiene en cuenta que Batakis ya instrument\u00f3 un reval\u00fao fiscal de las tierras cuando era ministra del entonces gobernador bonaerense Daniel Scioli, entre otras acciones que&nbsp;<strong>aumentaron la carga tributaria.<\/strong><\/p>\n\n\n\n<p><\/p>\n\n\n\n<figure class=\"wp-block-image\"><img decoding=\"async\" src=\"https:\/\/tn.com.ar\/resizer\/v1qVLE5X3BPNOoG3LPyqjkLgfXY=\/767x0\/smart\/cloudfront-us-east-1.images.arcpublishing.com\/artear\/ZWGHJK2P6VGN3JX7LESGZZAV5E.jpg\" alt=\"Tractorazo de los productores agropecuarios en Ceibas, Entre R\u00edos, en protesta por las retenciones y otras medidas del Gobierno.\nFoto: JUAN JOSE GARCIA\"\/><figcaption>Tractorazo de los productores agropecuarios en Ceibas, Entre R\u00edos, en protesta por las retenciones y otras medidas del Gobierno. Foto: JUAN JOSE GARCIAPor:&nbsp;<strong>Juan Jose Garcia<\/strong><\/figcaption><\/figure>\n\n\n\n<p><strong><span style=\"background-color:#a30003\" class=\"td_text_highlight_marker\">Qu\u00e9 organizaciones participan del paro del campo<\/span><\/strong><\/p>\n\n\n\n<p>Las cuatro entidades que integran la mesa de enlace:<\/p>\n\n\n\n<ul class=\"wp-block-list\"><li>Sociedad Rural<\/li><li>Confederaciones Rurales Argentinas<\/li><li>Coninagro<\/li><li>Federaci\u00f3n Agraria<\/li><\/ul>\n\n\n\n<p>A la protesta de las entidades, se suman productores autoconvocados, mesas de enlace provinciales y otros eslabones de la cadena de comercializaci\u00f3n, como consignatarios de hacienda.<\/p>\n\n\n\n<figure class=\"wp-block-image\"><img decoding=\"async\" src=\"https:\/\/tn.com.ar\/resizer\/41eN51lcfFDV2BejxKeT5CmcWZY=\/767x0\/smart\/cloudfront-us-east-1.images.arcpublishing.com\/artear\/OS7BCFO6MVAW3AZHD2W6ZVYQ5A.jpg\" alt=\"La Mesa de Enlace brindar\u00e1 un discurso en una asamblea en Gualeguaych\u00fa, Entre R\u00edos. Foto: archivo\"\/><figcaption>La Mesa de Enlace brindar\u00e1 un discurso en una asamblea en Gualeguaych\u00fa, Entre R\u00edos. Foto: archivo<\/figcaption><\/figure>\n\n\n\n<p><strong><span style=\"background-color:#a30003\" class=\"td_text_highlight_marker\">Cu\u00e1les son las provincias donde se llevar\u00e1 a cabo la protesta del campo<\/span><\/strong><\/p>\n\n\n\n<p>Se sentir\u00e1 en diferentes localidades de las provincias de<strong>&nbsp;Chaco, Formosa, Santa Fe, C\u00f3rdoba, Entre R\u00edos, Buenos Aires, La Pampa y Corrientes<\/strong>, entre otras. En principio, no habr\u00eda actividades en CABA.<\/p>\n\n\n\n<p>El acto central ser\u00e1 encabezado, a partir de las 12hs en<strong>&nbsp;Gualeguaych\u00fa,<\/strong>&nbsp;el emblem\u00e1tico punto de protesta del campo durante el hist\u00f3rico conflicto del 2008.<\/p>\n\n\n\n<p>All\u00ed brindar\u00e1n sus discursos los presidentes de la Sociedad Rural Argentina (SRA), Nicol\u00e1s Pino, de la Federaci\u00f3n Agraria Argentina (FAA), Carlos Achetoni, de Confederaciones Rurales Argentinas (CRA), Jorge Chemes, y el vicepresidente de Coninagro, Elbio Laucirica.<\/p>\n\n\n\n<p class=\"has-text-align-right\"><strong><em>TN.<\/em><\/strong><em><strong>&#8211;<\/strong><\/em><\/p>\n","protected":false},"excerpt":{"rendered":"<p>Los productores agropecuarios se manifestar\u00e1n al costado de las rutas. En una asamblea que comenzar\u00e1 al mediod\u00eda, los referentes de la mesa de enlace brindar\u00e1n discursos en Gualeguaych\u00fa.<\/p>\n","protected":false},"author":2,"featured_media":20713,"comment_status":"open","ping_status":"open","sticky":false,"template":"","format":"standard","meta":{"jnews-multi-image_gallery":[],"jnews_single_post":[],"jnews_primary_category":[],"jnews_social_meta":[],"jnews_review":[],"enable_review":"","type":"","name":"","summary":"","brand":"","sku":"","good":[],"bad":[],"score_override":"","override_value":"","rating":[],"price":[],"jnews_override_counter":[],"jnews_post_split":[],"footnotes":""},"categories":[58],"tags":[3192,44,3193,2701,3194,3195,45,1387,3196,3197],"class_list":["post-20712","post","type-post","status-publish","format-standard","has-post-thumbnail","hentry","category-argentina","tag-agropecuario","tag-argentina","tag-campo","tag-gasoil","tag-gualeguaychu","tag-mesa-de-enlace","tag-noticias","tag-paro","tag-productores","tag-tns"],"amp_enabled":true,"_links":{"self":[{"href":"https:\/\/esreviral.com\/index.php?rest_route=\/wp\/v2\/posts\/20712"}],"collection":[{"href":"https:\/\/esreviral.com\/index.php?rest_route=\/wp\/v2\/posts"}],"about":[{"href":"https:\/\/esreviral.com\/index.php?rest_route=\/wp\/v2\/types\/post"}],"author":[{"embeddable":true,"href":"https:\/\/esreviral.com\/index.php?rest_route=\/wp\/v2\/users\/2"}],"replies":[{"embeddable":true,"href":"https:\/\/esreviral.com\/index.php?rest_route=%2Fwp%2Fv2%2Fcomments&post=20712"}],"version-history":[{"count":0,"href":"https:\/\/esreviral.com\/index.php?rest_route=\/wp\/v2\/posts\/20712\/revisions"}],"wp:featuredmedia":[{"embeddable":true,"href":"https:\/\/esreviral.com\/index.php?rest_route=\/"}],"wp:attachment":[{"href":"https:\/\/esreviral.com\/index.php?rest_route=%2Fwp%2Fv2%2Fmedia&parent=20712"}],"wp:term":[{"taxonomy":"category","embeddable":true,"href":"https:\/\/esreviral.com\/index.php?rest_route=%2Fwp%2Fv2%2Fcategories&post=20712"},{"taxonomy":"post_tag","embeddable":true,"href":"https:\/\/esreviral.com\/index.php?rest_route=%2Fwp%2Fv2%2Ftags&post=20712"}],"curies":[{"name":"wp","href":"https:\/\/api.w.org\/{rel}","templated":true}]}}