{"id":2070,"date":"2020-11-26T15:36:32","date_gmt":"2020-11-26T15:36:32","guid":{"rendered":"http:\/\/esreviral.com\/?p=2070"},"modified":"2020-11-26T15:36:32","modified_gmt":"2020-11-26T15:36:32","slug":"en-vivo-el-velatorio-de-diego-armando-maradona-en-casa-rosada","status":"publish","type":"post","link":"https:\/\/esreviral.com\/?p=2070","title":{"rendered":"En vivo: El velatorio de Diego Armando Maradona en Casa Rosada"},"content":{"rendered":"\n<p>Este 25 de noviembre ser\u00e1 recordado por los argentinos como el d\u00eda que se fue uno de sus personajes mas populares: Diego Armando Maradona. El hecho es de tal trascendencia en este pa\u00eds que el presidente de la naci\u00f3n Alberto Fern\u00e1ndez ofreci\u00f3 la casa de gobierno para que se llevaran a cabo los actos velatorios. En lo que ha sido un evento multitudinario.<\/p>\n\n\n\n<p><\/p>\n\n\n\n<p>M\u00edralo en vivo en ES RE VIRAL.<\/p>\n\n\n\n<figure class=\"wp-block-embed-youtube wp-block-embed is-type-video is-provider-youtube wp-embed-aspect-4-3 wp-has-aspect-ratio\"><div class=\"wp-block-embed__wrapper\">\n<div class=\"jeg_video_container jeg_video_content\"><iframe title=\"Traslado del f\u00e9retro de Diego Armando Maradona hacia el cementerio\" width=\"500\" height=\"281\" src=\"https:\/\/www.youtube.com\/embed\/5ueDQ1WhR20?feature=oembed\" frameborder=\"0\" allow=\"accelerometer; autoplay; clipboard-write; encrypted-media; gyroscope; picture-in-picture; web-share\" referrerpolicy=\"strict-origin-when-cross-origin\" allowfullscreen><\/iframe><\/div>\n<\/div><\/figure>\n","protected":false},"excerpt":{"rendered":"<p>Este 25 de noviembre ser\u00e1 recordado por los argentinos como el d\u00eda que se fue uno de sus personajes mas populares: Diego Armando Maradona. El hecho es de tal trascendencia en este pa\u00eds que el presidente de la naci\u00f3n Alberto Fern\u00e1ndez ofreci\u00f3 la casa de gobierno para que se llevaran a cabo los actos velatorios. [&hellip;]<\/p>\n","protected":false},"author":2,"featured_media":2071,"comment_status":"open","ping_status":"open","sticky":false,"template":"","format":"standard","meta":{"jnews-multi-image_gallery":[],"jnews_single_post":[],"jnews_primary_category":[],"jnews_social_meta":[],"jnews_review":[],"enable_review":"","type":"","name":"","summary":"","brand":"","sku":"","good":[],"bad":[],"score_override":"","override_value":"","rating":[],"price":[],"jnews_override_counter":[],"jnews_post_split":[],"footnotes":""},"categories":[58,48],"tags":[369,177,45],"class_list":["post-2070","post","type-post","status-publish","format-standard","has-post-thumbnail","hentry","category-argentina","category-deportes","tag-en-vivo","tag-maradona","tag-noticias"],"amp_enabled":true,"_links":{"self":[{"href":"https:\/\/esreviral.com\/index.php?rest_route=\/wp\/v2\/posts\/2070"}],"collection":[{"href":"https:\/\/esreviral.com\/index.php?rest_route=\/wp\/v2\/posts"}],"about":[{"href":"https:\/\/esreviral.com\/index.php?rest_route=\/wp\/v2\/types\/post"}],"author":[{"embeddable":true,"href":"https:\/\/esreviral.com\/index.php?rest_route=\/wp\/v2\/users\/2"}],"replies":[{"embeddable":true,"href":"https:\/\/esreviral.com\/index.php?rest_route=%2Fwp%2Fv2%2Fcomments&post=2070"}],"version-history":[{"count":0,"href":"https:\/\/esreviral.com\/index.php?rest_route=\/wp\/v2\/posts\/2070\/revisions"}],"wp:featuredmedia":[{"embeddable":true,"href":"https:\/\/esreviral.com\/index.php?rest_route=\/"}],"wp:attachment":[{"href":"https:\/\/esreviral.com\/index.php?rest_route=%2Fwp%2Fv2%2Fmedia&parent=2070"}],"wp:term":[{"taxonomy":"category","embeddable":true,"href":"https:\/\/esreviral.com\/index.php?rest_route=%2Fwp%2Fv2%2Fcategories&post=2070"},{"taxonomy":"post_tag","embeddable":true,"href":"https:\/\/esreviral.com\/index.php?rest_route=%2Fwp%2Fv2%2Ftags&post=2070"}],"curies":[{"name":"wp","href":"https:\/\/api.w.org\/{rel}","templated":true}]}}