{"id":20675,"date":"2022-07-12T10:58:01","date_gmt":"2022-07-12T13:58:01","guid":{"rendered":"https:\/\/esreviral.com\/?p=20675"},"modified":"2022-07-12T10:58:01","modified_gmt":"2022-07-12T13:58:01","slug":"horacio-rodriguez-larreta-la-altisima-inflacion-y-el-cepo-del-cepo-traban-la-economia-del-conocimiento","status":"publish","type":"post","link":"https:\/\/esreviral.com\/?p=20675","title":{"rendered":"Horacio Rodr\u00edguez Larreta: \u201cLa alt\u00edsima inflaci\u00f3n y el cepo del cepo traban la econom\u00eda del conocimiento\u201d"},"content":{"rendered":"\n<p class=\"has-drop-cap\">El jefe de gobierno porte\u00f1o\u00a0<strong>Horacio Rodr\u00edguez Larreta<\/strong> advirti\u00f3 que \u201cla alt\u00edsima inflaci\u00f3n, la legislaci\u00f3n laboral y el cepo del cepo traban la econom\u00eda del conocimiento\u201d, al exponer en el ciclo\u00a0<em>Democracia y Desarrollo<\/em>, organizado por\u00a0<em>Clar\u00edn.<\/em><\/p>\n\n\n\n<p>Rodr\u00edguez Larreta destac\u00f3 que \u201chay mucho potencial\u201d en la econom\u00eda del conocimiento pero alert\u00f3: \u201cTenemos que asumir que es una industria que tiene el\u00a0<strong>freno de mano<\/strong>\u00a0puesto\u201d.<\/p>\n\n\n\n<p>El jefe de gobierno porte\u00f1o critic\u00f3: \u201cEl contexto macro no ayuda nada por la alt\u00edsima inflaci\u00f3n, la legislaci\u00f3n laboral, el cepo del cepo, todo eso<strong>&nbsp;traba\u201d.<\/strong><\/p>\n\n\n\n<p>Rodr\u00edguez Larreta advirti\u00f3 que \u201ccon estos niveles de inflaci\u00f3n no hay econom\u00eda del conocimiento,&nbsp;<strong>no hay econom\u00eda de nada\u201d.<\/strong><\/p>\n\n\n\n<p><em><strong>Noticia que est\u00e1 siendo actualizada.-<\/strong><\/em><\/p>\n\n\n\n<p class=\"has-text-align-right\"><em><strong>TN<\/strong><\/em><strong>.-<\/strong><\/p>\n","protected":false},"excerpt":{"rendered":"<p>El jefe de gobierno porte\u00f1o dijo que \u201chay mucho potencial\u201d pero que \u201ces una industria que tiene el freno de mano puesto\u201d, en el ciclo Democracia y Desarrollo, organizado por Clar\u00edn.<\/p>\n","protected":false},"author":2,"featured_media":20676,"comment_status":"open","ping_status":"open","sticky":false,"template":"","format":"standard","meta":{"jnews-multi-image_gallery":[],"jnews_single_post":[],"jnews_primary_category":[],"jnews_social_meta":[],"jnews_review":[],"enable_review":"","type":"","name":"","summary":"","brand":"","sku":"","good":[],"bad":[],"score_override":"","override_value":"","rating":[],"price":[],"jnews_override_counter":[],"jnews_post_split":[],"footnotes":""},"categories":[58],"tags":[44,478,268,3166,45],"class_list":["post-20675","post","type-post","status-publish","format-standard","has-post-thumbnail","hentry","category-argentina","tag-argentina","tag-horacio-rodriguez-larreta","tag-inflacion","tag-jefe-de-gobierno-porteno","tag-noticias"],"amp_enabled":true,"_links":{"self":[{"href":"https:\/\/esreviral.com\/index.php?rest_route=\/wp\/v2\/posts\/20675"}],"collection":[{"href":"https:\/\/esreviral.com\/index.php?rest_route=\/wp\/v2\/posts"}],"about":[{"href":"https:\/\/esreviral.com\/index.php?rest_route=\/wp\/v2\/types\/post"}],"author":[{"embeddable":true,"href":"https:\/\/esreviral.com\/index.php?rest_route=\/wp\/v2\/users\/2"}],"replies":[{"embeddable":true,"href":"https:\/\/esreviral.com\/index.php?rest_route=%2Fwp%2Fv2%2Fcomments&post=20675"}],"version-history":[{"count":0,"href":"https:\/\/esreviral.com\/index.php?rest_route=\/wp\/v2\/posts\/20675\/revisions"}],"wp:featuredmedia":[{"embeddable":true,"href":"https:\/\/esreviral.com\/index.php?rest_route=\/"}],"wp:attachment":[{"href":"https:\/\/esreviral.com\/index.php?rest_route=%2Fwp%2Fv2%2Fmedia&parent=20675"}],"wp:term":[{"taxonomy":"category","embeddable":true,"href":"https:\/\/esreviral.com\/index.php?rest_route=%2Fwp%2Fv2%2Fcategories&post=20675"},{"taxonomy":"post_tag","embeddable":true,"href":"https:\/\/esreviral.com\/index.php?rest_route=%2Fwp%2Fv2%2Ftags&post=20675"}],"curies":[{"name":"wp","href":"https:\/\/api.w.org\/{rel}","templated":true}]}}